{"id":3895,"date":"2026-02-12T12:55:54","date_gmt":"2026-02-12T11:55:54","guid":{"rendered":"https:\/\/pcf08.com\/?p=3895"},"modified":"2026-02-12T12:55:54","modified_gmt":"2026-02-12T11:55:54","slug":"developper-les-services-publics-locaux","status":"publish","type":"post","link":"https:\/\/pcf08.com\/index.php\/2026\/02\/12\/developper-les-services-publics-locaux\/","title":{"rendered":"D\u00e9velopper les services publics locaux"},"content":{"rendered":"<p align=\"justify\"><span style=\"font-family: Calibri, sans-serif;\"><img loading=\"lazy\" decoding=\"async\" class=\"size-medium wp-image-3896 alignleft\" src=\"https:\/\/pcf08.com\/wp-content\/uploads\/2026\/02\/services-publics-300x97.jpg\" alt=\"\" width=\"300\" height=\"97\" srcset=\"https:\/\/pcf08.com\/wp-content\/uploads\/2026\/02\/services-publics-300x97.jpg 300w, https:\/\/pcf08.com\/wp-content\/uploads\/2026\/02\/services-publics.jpg 474w\" sizes=\"(max-width: 300px) 100vw, 300px\" \/>L\u2019aust\u00e9rit\u00e9 impos\u00e9e aux collectivit\u00e9s locales menace directement les services publics de proximit\u00e9, sur fond de crise majeure des services publics nationaux (\u00e9cole, sant\u00e9\u2026).<\/span><\/p>\n<p align=\"justify\"><span style=\"font-family: Calibri, sans-serif;\">L\u2019action pour les services publics nationaux va de pair avec le d\u00e9veloppement des services publics municipaux. Nos communes ne peuvent compenser les services publics nationaux qui participent de notre R\u00e9publique. <\/span><\/p>\n<p align=\"justify\"><span style=\"font-family: Calibri, sans-serif;\">Il faut aussi \u00e9largir la ma\u00eetrise publique des services hors tout int\u00e9r\u00eat priv\u00e9. Le PCF propose par exemple de d\u00e9velopper l\u2019offre de service public des villes sur certaines activit\u00e9s qui touchent au plus pr\u00e8s la population, mais sont pour autant aujourd\u2019hui pleinement dans une logique de profits et faisant l\u2019objet de scandales r\u00e9p\u00e9t\u00e9s (cr\u00e8ches, EHPAD, pompes fun\u00e8bres).<\/span><\/p>\n","protected":false},"excerpt":{"rendered":"<p>L\u2019aust\u00e9rit\u00e9 impos\u00e9e aux collectivit\u00e9s locales menace directement les services publics de proximit\u00e9, sur fond de crise majeure des services publics nationaux (\u00e9cole, sant\u00e9\u2026). L\u2019action pour les services publics nationaux va de pair avec le d\u00e9veloppement des services publics municipaux. Nos communes ne peuvent compenser les services publics nationaux qui participent de notre R\u00e9publique. Il faut [&hellip;]<\/p>\n","protected":false},"author":4,"featured_media":0,"comment_status":"closed","ping_status":"open","sticky":false,"template":"","format":"standard","meta":{"saved_in_kubio":false,"footnotes":""},"categories":[1],"tags":[],"class_list":["post-3895","post","type-post","status-publish","format-standard","hentry","category-non-classe"],"_links":{"self":[{"href":"https:\/\/pcf08.com\/index.php\/wp-json\/wp\/v2\/posts\/3895","targetHints":{"allow":["GET"]}}],"collection":[{"href":"https:\/\/pcf08.com\/index.php\/wp-json\/wp\/v2\/posts"}],"about":[{"href":"https:\/\/pcf08.com\/index.php\/wp-json\/wp\/v2\/types\/post"}],"author":[{"embeddable":true,"href":"https:\/\/pcf08.com\/index.php\/wp-json\/wp\/v2\/users\/4"}],"replies":[{"embeddable":true,"href":"https:\/\/pcf08.com\/index.php\/wp-json\/wp\/v2\/comments?post=3895"}],"version-history":[{"count":1,"href":"https:\/\/pcf08.com\/index.php\/wp-json\/wp\/v2\/posts\/3895\/revisions"}],"predecessor-version":[{"id":3897,"href":"https:\/\/pcf08.com\/index.php\/wp-json\/wp\/v2\/posts\/3895\/revisions\/3897"}],"wp:attachment":[{"href":"https:\/\/pcf08.com\/index.php\/wp-json\/wp\/v2\/media?parent=3895"}],"wp:term":[{"taxonomy":"category","embeddable":true,"href":"https:\/\/pcf08.com\/index.php\/wp-json\/wp\/v2\/categories?post=3895"},{"taxonomy":"post_tag","embeddable":true,"href":"https:\/\/pcf08.com\/index.php\/wp-json\/wp\/v2\/tags?post=3895"}],"curies":[{"name":"wp","href":"https:\/\/api.w.org\/{rel}","templated":true}]}}