{"id":3892,"date":"2026-02-12T12:54:27","date_gmt":"2026-02-12T11:54:27","guid":{"rendered":"https:\/\/pcf08.com\/?p=3892"},"modified":"2026-02-12T12:54:27","modified_gmt":"2026-02-12T11:54:27","slug":"la-republique-du-copinage","status":"publish","type":"post","link":"https:\/\/pcf08.com\/index.php\/2026\/02\/12\/la-republique-du-copinage\/","title":{"rendered":"La r\u00e9publique du copinage\u00a0!"},"content":{"rendered":"<p align=\"justify\"><span style=\"font-family: Calibri, sans-serif;\"><img loading=\"lazy\" decoding=\"async\" class=\"size-medium wp-image-3893 alignleft\" src=\"https:\/\/pcf08.com\/wp-content\/uploads\/2026\/02\/uontchalin-230x300.jpg\" alt=\"\" width=\"230\" height=\"300\" srcset=\"https:\/\/pcf08.com\/wp-content\/uploads\/2026\/02\/uontchalin-230x300.jpg 230w, https:\/\/pcf08.com\/wp-content\/uploads\/2026\/02\/uontchalin-784x1024.jpg 784w, https:\/\/pcf08.com\/wp-content\/uploads\/2026\/02\/uontchalin-768x1003.jpg 768w, https:\/\/pcf08.com\/wp-content\/uploads\/2026\/02\/uontchalin-827x1080.jpg 827w, https:\/\/pcf08.com\/wp-content\/uploads\/2026\/02\/uontchalin.jpg 1000w\" sizes=\"(max-width: 230px) 100vw, 230px\" \/>L\u2019actuelle ministre des comptes publics Am\u00e9lie de Montchalin, succ\u00e8de \u00e0 Pierre Moscovici \u00e0 la pr\u00e9sidence de la Cour des Comptes.<\/span><\/p>\n<p align=\"justify\"><span style=\"font-family: Calibri, sans-serif;\">Une place inamovible pour une fid\u00e8le du Pr\u00e9sident de la R\u00e9publique qui s\u2019est distingu\u00e9e par ses volont\u00e9s aust\u00e9ritaires, visant les op\u00e9rateurs de l\u2019\u00c9tat et les d\u00e9penses de la S\u00e9curit\u00e9 Sociale.<\/span><\/p>\n<p align=\"justify\"><span style=\"font-family: Calibri, sans-serif;\">Un v\u00e9ritable conflit d\u2019int\u00e9r\u00eat pour celle qui a pr\u00e9par\u00e9 le budget de l\u2019\u00c9tat 2026 pass\u00e9 par 49.3 et devrait \u00e0 la Cour des Comptes donner un avis \u00e0 l\u2019automne sur ce budget.<\/span><\/p>\n<p align=\"justify\"><span style=\"font-family: Calibri, sans-serif;\">Il s\u2019agit pour E. Macron de placer ses proches, un de plus apr\u00e8s Richard Ferrand au Conseil Constitutionnel, Emmanuelle Wargon \u00e0 la commission de r\u00e9gulation de l\u2019\u00e9nergie, Cl\u00e9ment Beaune au haut commissariat au plan, St\u00e9phane S\u00e9journ\u00e9 \u00e0 la commission europ\u00e9enne \u2026<\/span><\/p>\n<p align=\"justify\"><span style=\"font-family: Calibri, sans-serif;\">C\u2019est aussi un gouvernement qui se d\u00e9lite\u00a0: la ministre de la culture, Rachida Dati a annonc\u00e9 son d\u00e9part pour se consacrer \u00e0 la campagne des \u00e9lections municipales \u00e0 Paris.<\/span><\/p>\n<p align=\"justify\"><span style=\"font-family: Calibri, sans-serif;\">Charlotte Parmentier-Lecocq, charg\u00e9e de l\u2019Autonomie et des personnes handicap\u00e9es, devait pr\u00e9senter le plan Grand \u00e2ge le 12 f\u00e9vrier. Ce plan, r\u00e9clam\u00e9 depuis des ann\u00e9es par les professionnels du secteur est report\u00e9 sine die, la ministre ayant annonc\u00e9 pr\u00e9f\u00e9rer quitter le gouvernement pour reprendre son poste de d\u00e9put\u00e9e\u00a0!<\/span><\/p>\n<p align=\"right\"><span style=\"font-family: Calibri, sans-serif;\">Mich\u00e8le LEFLON<\/span><\/p>\n","protected":false},"excerpt":{"rendered":"<p>L\u2019actuelle ministre des comptes publics Am\u00e9lie de Montchalin, succ\u00e8de \u00e0 Pierre Moscovici \u00e0 la pr\u00e9sidence de la Cour des Comptes. Une place inamovible pour une fid\u00e8le du Pr\u00e9sident de la R\u00e9publique qui s\u2019est distingu\u00e9e par ses volont\u00e9s aust\u00e9ritaires, visant les op\u00e9rateurs de l\u2019\u00c9tat et les d\u00e9penses de la S\u00e9curit\u00e9 Sociale. Un v\u00e9ritable conflit d\u2019int\u00e9r\u00eat pour [&hellip;]<\/p>\n","protected":false},"author":4,"featured_media":0,"comment_status":"closed","ping_status":"open","sticky":false,"template":"","format":"standard","meta":{"saved_in_kubio":false,"footnotes":""},"categories":[1],"tags":[],"class_list":["post-3892","post","type-post","status-publish","format-standard","hentry","category-non-classe"],"_links":{"self":[{"href":"https:\/\/pcf08.com\/index.php\/wp-json\/wp\/v2\/posts\/3892","targetHints":{"allow":["GET"]}}],"collection":[{"href":"https:\/\/pcf08.com\/index.php\/wp-json\/wp\/v2\/posts"}],"about":[{"href":"https:\/\/pcf08.com\/index.php\/wp-json\/wp\/v2\/types\/post"}],"author":[{"embeddable":true,"href":"https:\/\/pcf08.com\/index.php\/wp-json\/wp\/v2\/users\/4"}],"replies":[{"embeddable":true,"href":"https:\/\/pcf08.com\/index.php\/wp-json\/wp\/v2\/comments?post=3892"}],"version-history":[{"count":1,"href":"https:\/\/pcf08.com\/index.php\/wp-json\/wp\/v2\/posts\/3892\/revisions"}],"predecessor-version":[{"id":3894,"href":"https:\/\/pcf08.com\/index.php\/wp-json\/wp\/v2\/posts\/3892\/revisions\/3894"}],"wp:attachment":[{"href":"https:\/\/pcf08.com\/index.php\/wp-json\/wp\/v2\/media?parent=3892"}],"wp:term":[{"taxonomy":"category","embeddable":true,"href":"https:\/\/pcf08.com\/index.php\/wp-json\/wp\/v2\/categories?post=3892"},{"taxonomy":"post_tag","embeddable":true,"href":"https:\/\/pcf08.com\/index.php\/wp-json\/wp\/v2\/tags?post=3892"}],"curies":[{"name":"wp","href":"https:\/\/api.w.org\/{rel}","templated":true}]}}