{"id":3889,"date":"2026-02-12T12:53:14","date_gmt":"2026-02-12T11:53:14","guid":{"rendered":"https:\/\/pcf08.com\/?p=3889"},"modified":"2026-02-12T12:53:14","modified_gmt":"2026-02-12T11:53:14","slug":"double-enjeu","status":"publish","type":"post","link":"https:\/\/pcf08.com\/index.php\/2026\/02\/12\/double-enjeu\/","title":{"rendered":"DOUBLE  ENJEU"},"content":{"rendered":"<p align=\"justify\"><span style=\"font-family: Calibri, sans-serif;\"><img loading=\"lazy\" decoding=\"async\" class=\"size-medium wp-image-3890 alignleft\" src=\"https:\/\/pcf08.com\/wp-content\/uploads\/2026\/02\/edito-37-300x235.jpg\" alt=\"\" width=\"300\" height=\"235\" srcset=\"https:\/\/pcf08.com\/wp-content\/uploads\/2026\/02\/edito-37-300x235.jpg 300w, https:\/\/pcf08.com\/wp-content\/uploads\/2026\/02\/edito-37.jpg 474w\" sizes=\"(max-width: 300px) 100vw, 300px\" \/>Les \u00e9lections municipales approchent \u00e0 grands pas, les candidatures se d\u00e9voilent une \u00e0 une avec bien entendu la pr\u00e9sentation des principales propositions que vont contenir les programmes propos\u00e9s.<\/span><\/p>\n<p align=\"justify\"><span style=\"font-family: Calibri, sans-serif;\">Il est un fait certain que ces \u00e9lections restent encore un des votes qui mobilise le plus les \u00e9lecteurs de par le caract\u00e8re sp\u00e9cifique que pr\u00e9sente le mandat de maire. Malgr\u00e9 toute la m\u00e9fiance et tous les doutes que ressentent beaucoup de citoyens \u00e0 l\u2019\u00e9gard de la politique et de ses acteurs, le maire via son statut de proximit\u00e9 inspire encore un peu de confiance \u00e0 tous ses concitoyen.es.<\/span><\/p>\n<p align=\"justify\"><span style=\"font-family: Calibri, sans-serif;\">Mais \u00e9tonnamment, il ressort qu\u2019une des particularit\u00e9s de ce scrutin municipal \u00e9chappe \u00e0 une grande partie des \u00e9lecteurs. Cette particularit\u00e9 concerne l\u2019\u00e9lection des conseillers communautaires. L\u2019intercommunalit\u00e9 est devenue un des vecteurs de la coop\u00e9ration entre les communes. Il est important pour les candidats, et le sera, \u00e0 fortiori pour les futurs nouveaux \u00e9lus de porter sur la place publique le contenu et les moyens allou\u00e9s \u00e0 la politique communautaire, qui rayonne beaucoup sur le quotidien des habitant.es. <\/span><\/p>\n<p align=\"justify\"><span style=\"font-family: Calibri, sans-serif;\">C\u2019est pour ces raisons que les candidats de la liste de l\u2019union de la gauche, \u00e9cologiste et citoyenns.es \u2018\u2019Ensemble\u00a0: pour une autre ville\u2019\u2019 informent et viennent \u00e0 la rencontre des habitants pour expliquer et d\u00e9velopper leur programme.<\/span><\/p>\n<p align=\"justify\"><span style=\"font-family: Calibri, sans-serif;\">DOUBLE JEU\u00a0:<\/span><\/p>\n<p align=\"justify\"><span style=\"font-family: Calibri, sans-serif;\">Il est ind\u00e9niable est normal qu\u2019une des pr\u00e9occupations premi\u00e8res des Fran\u00e7ais.es, en cette p\u00e9riode difficile, soit la s\u00e9curit\u00e9 et le pouvoir d\u2019achat. Pour la s\u00e9curit\u00e9 en principe dans un pays d\u00e9mocratique et r\u00e9publicain comme le n\u00f4tre, la s\u00e9curit\u00e9 est une des missions r\u00e9galiennes incontournable de l\u2019\u00c9tat.<\/span><\/p>\n<p align=\"justify\"><span style=\"font-family: Calibri, sans-serif;\">Mais les diff\u00e9rents derniers gouvernements macronistes ax\u00e9s uniquement sur l\u2019\u00e9conomie lib\u00e9rale n\u2019ont eu qu\u2019un seul objectif r\u00e9duire les budgets des services publics. Dans le droit fil de cette politique n\u00e9faste, le S\u00e9nat r\u00e9fl\u00e9chit actuellement sur un projet de loi visant \u00e0 l\u2019extension de pr\u00e9rogatives de police judiciaire aux policiers municipaux.<\/span><\/p>\n<p align=\"justify\"><span style=\"font-family: Calibri, sans-serif;\">Ce projet de loi pose de v\u00e9ritables questions. La premi\u00e8re est la dangerosit\u00e9 de l\u2019\u00e9quit\u00e9 au niveau national, chaque commune n\u2019ayant pas la m\u00eame application sur son territoire. Autre probl\u00e8me, la dotation financi\u00e8re allou\u00e9e par l\u2019\u00c9tat aux structures territoriales ayant \u00e9t\u00e9 tr\u00e8s largement revue \u00e0 la baisse, comment va \u00eatre financ\u00e9e cette nouvelle charge par les communes, car les agents de police municipale sont des agents territoriaux engag\u00e9s, form\u00e9s et pay\u00e9s par les communes. <\/span><\/p>\n<p align=\"justify\"><span style=\"font-family: Calibri, sans-serif;\">L\u00e0 \u00e9galement il va \u00eatre primordial que ces \u00e9lections municipales 2026 soient le premier \u00e9tage de la fus\u00e9e du changement de politique que les Fran\u00e7aises et Fran\u00e7ais attendent comme ils l\u2019avaient d\u00e9j\u00e0 manifest\u00e9 lors des derni\u00e8res l\u00e9gislatives suite \u00e0 cette improbable dissolution.<\/span><\/p>\n<p align=\"right\"><span style=\"font-family: Calibri, sans-serif;\">Patrick LATTUADA<\/span><\/p>\n","protected":false},"excerpt":{"rendered":"<p>Les \u00e9lections municipales approchent \u00e0 grands pas, les candidatures se d\u00e9voilent une \u00e0 une avec bien entendu la pr\u00e9sentation des principales propositions que vont contenir les programmes propos\u00e9s. Il est un fait certain que ces \u00e9lections restent encore un des votes qui mobilise le plus les \u00e9lecteurs de par le caract\u00e8re sp\u00e9cifique que pr\u00e9sente le [&hellip;]<\/p>\n","protected":false},"author":4,"featured_media":0,"comment_status":"closed","ping_status":"open","sticky":false,"template":"","format":"standard","meta":{"saved_in_kubio":false,"footnotes":""},"categories":[1],"tags":[],"class_list":["post-3889","post","type-post","status-publish","format-standard","hentry","category-non-classe"],"_links":{"self":[{"href":"https:\/\/pcf08.com\/index.php\/wp-json\/wp\/v2\/posts\/3889","targetHints":{"allow":["GET"]}}],"collection":[{"href":"https:\/\/pcf08.com\/index.php\/wp-json\/wp\/v2\/posts"}],"about":[{"href":"https:\/\/pcf08.com\/index.php\/wp-json\/wp\/v2\/types\/post"}],"author":[{"embeddable":true,"href":"https:\/\/pcf08.com\/index.php\/wp-json\/wp\/v2\/users\/4"}],"replies":[{"embeddable":true,"href":"https:\/\/pcf08.com\/index.php\/wp-json\/wp\/v2\/comments?post=3889"}],"version-history":[{"count":1,"href":"https:\/\/pcf08.com\/index.php\/wp-json\/wp\/v2\/posts\/3889\/revisions"}],"predecessor-version":[{"id":3891,"href":"https:\/\/pcf08.com\/index.php\/wp-json\/wp\/v2\/posts\/3889\/revisions\/3891"}],"wp:attachment":[{"href":"https:\/\/pcf08.com\/index.php\/wp-json\/wp\/v2\/media?parent=3889"}],"wp:term":[{"taxonomy":"category","embeddable":true,"href":"https:\/\/pcf08.com\/index.php\/wp-json\/wp\/v2\/categories?post=3889"},{"taxonomy":"post_tag","embeddable":true,"href":"https:\/\/pcf08.com\/index.php\/wp-json\/wp\/v2\/tags?post=3889"}],"curies":[{"name":"wp","href":"https:\/\/api.w.org\/{rel}","templated":true}]}}