{"id":3886,"date":"2026-02-05T15:10:06","date_gmt":"2026-02-05T14:10:06","guid":{"rendered":"https:\/\/pcf08.com\/?p=3886"},"modified":"2026-02-05T15:10:06","modified_gmt":"2026-02-05T14:10:06","slug":"vive-les-services-publics","status":"publish","type":"post","link":"https:\/\/pcf08.com\/index.php\/2026\/02\/05\/vive-les-services-publics\/","title":{"rendered":"Vive les Services Publics\u00a0!"},"content":{"rendered":"<p align=\"justify\"><span style=\"font-family: Calibri, sans-serif;\"><img loading=\"lazy\" decoding=\"async\" class=\"size-medium wp-image-3887 alignleft\" src=\"https:\/\/pcf08.com\/wp-content\/uploads\/2026\/02\/Flyer_A5_Couleur-211x300.jpg\" alt=\"\" width=\"211\" height=\"300\" srcset=\"https:\/\/pcf08.com\/wp-content\/uploads\/2026\/02\/Flyer_A5_Couleur-211x300.jpg 211w, https:\/\/pcf08.com\/wp-content\/uploads\/2026\/02\/Flyer_A5_Couleur-722x1024.jpg 722w, https:\/\/pcf08.com\/wp-content\/uploads\/2026\/02\/Flyer_A5_Couleur-768x1089.jpg 768w, https:\/\/pcf08.com\/wp-content\/uploads\/2026\/02\/Flyer_A5_Couleur-1083x1536.jpg 1083w, https:\/\/pcf08.com\/wp-content\/uploads\/2026\/02\/Flyer_A5_Couleur-1444x2048.jpg 1444w, https:\/\/pcf08.com\/wp-content\/uploads\/2026\/02\/Flyer_A5_Couleur-761x1080.jpg 761w, https:\/\/pcf08.com\/wp-content\/uploads\/2026\/02\/Flyer_A5_Couleur.jpg 1749w\" sizes=\"(max-width: 211px) 100vw, 211px\" \/>A l\u2019occasion des \u00e9lections municipales une campagne a \u00e9t\u00e9 lanc\u00e9e pour les services publics locaux \u00e0 l\u2019initiative du collectif Nos services publics, avec une vingtaine d\u2019organisations entre autres Oxfam France, Attac, ATD Quart-Monde, Anticor, la FSU, la LDH, la CNL, la coordination des comit\u00e9s de d\u00e9fense des h\u00f4pitaux et maternit\u00e9s de proximit\u00e9&#8230; <\/span><\/p>\n<p align=\"justify\"><span style=\"font-family: Calibri, sans-serif;\">L\u2019\u00e9chelon communal ne saurait, \u00e0 lui seul, r\u00e9soudre les crises \u00e9cologique, d\u00e9mocratique et sociale, mais les municipalit\u00e9s peuvent \u00eatre la source d\u2019avanc\u00e9es concr\u00e8tes pour la population.<\/span><\/p>\n<p align=\"justify\"><span style=\"font-family: Calibri, sans-serif;\">Certes, la capacit\u00e9 d\u2019agir des \u00e9lus locaux est contrainte par les choix budg\u00e9taires nationaux, mais le choix du service public est un choix politique et par ailleurs les \u00e9lu\u00b7es locaux ont un r\u00f4le politique qui d\u00e9passe le seul p\u00e9rim\u00e8tre de leurs communes et les comp\u00e9tences du bloc communal, \u00e0 la fois par leur action d\u2019\u00e9lu\u00b7es, de grand\u00b7es \u00e9lecteur\u00b7trices et de citoyen\u00b7nes.<\/span><\/p>\n<p align=\"justify\"><span style=\"font-family: Calibri, sans-serif;\">Cette campagne vise \u00e0 obtenir des candidat\u00b7es un engagement \u00e0 \u0153uvrer pour la construction d\u2019un rapport de force en faveur des services publics, en lien avec les mobilisations sociales ou les associations de terrain.<\/span><\/p>\n<p align=\"justify\"><span style=\"font-family: Calibri, sans-serif;\">Ce sont aussi des propositions concr\u00e8tes pour l\u2019action municipale, comme celle d\u2019un service public de s\u00e9curit\u00e9 municipale pr\u00e9ventif de proximit\u00e9, de centres de sant\u00e9, de conventions pluriannuelles plut\u00f4t que d\u2019appels \u00e0 projet pour garantir la continuit\u00e9 des actions culturelles. C\u2019est un appel \u00e0 la transparence avec la publication des crit\u00e8res d\u2019attribution de l\u2019ensemble des aides et subventions de la commune.<\/span><\/p>\n","protected":false},"excerpt":{"rendered":"<p>A l\u2019occasion des \u00e9lections municipales une campagne a \u00e9t\u00e9 lanc\u00e9e pour les services publics locaux \u00e0 l\u2019initiative du collectif Nos services publics, avec une vingtaine d\u2019organisations entre autres Oxfam France, Attac, ATD Quart-Monde, Anticor, la FSU, la LDH, la CNL, la coordination des comit\u00e9s de d\u00e9fense des h\u00f4pitaux et maternit\u00e9s de proximit\u00e9&#8230; L\u2019\u00e9chelon communal ne [&hellip;]<\/p>\n","protected":false},"author":4,"featured_media":0,"comment_status":"closed","ping_status":"open","sticky":false,"template":"","format":"standard","meta":{"saved_in_kubio":false,"footnotes":""},"categories":[1],"tags":[],"class_list":["post-3886","post","type-post","status-publish","format-standard","hentry","category-non-classe"],"_links":{"self":[{"href":"https:\/\/pcf08.com\/index.php\/wp-json\/wp\/v2\/posts\/3886","targetHints":{"allow":["GET"]}}],"collection":[{"href":"https:\/\/pcf08.com\/index.php\/wp-json\/wp\/v2\/posts"}],"about":[{"href":"https:\/\/pcf08.com\/index.php\/wp-json\/wp\/v2\/types\/post"}],"author":[{"embeddable":true,"href":"https:\/\/pcf08.com\/index.php\/wp-json\/wp\/v2\/users\/4"}],"replies":[{"embeddable":true,"href":"https:\/\/pcf08.com\/index.php\/wp-json\/wp\/v2\/comments?post=3886"}],"version-history":[{"count":1,"href":"https:\/\/pcf08.com\/index.php\/wp-json\/wp\/v2\/posts\/3886\/revisions"}],"predecessor-version":[{"id":3888,"href":"https:\/\/pcf08.com\/index.php\/wp-json\/wp\/v2\/posts\/3886\/revisions\/3888"}],"wp:attachment":[{"href":"https:\/\/pcf08.com\/index.php\/wp-json\/wp\/v2\/media?parent=3886"}],"wp:term":[{"taxonomy":"category","embeddable":true,"href":"https:\/\/pcf08.com\/index.php\/wp-json\/wp\/v2\/categories?post=3886"},{"taxonomy":"post_tag","embeddable":true,"href":"https:\/\/pcf08.com\/index.php\/wp-json\/wp\/v2\/tags?post=3886"}],"curies":[{"name":"wp","href":"https:\/\/api.w.org\/{rel}","templated":true}]}}