{"id":3880,"date":"2026-02-05T15:07:48","date_gmt":"2026-02-05T14:07:48","guid":{"rendered":"https:\/\/pcf08.com\/?p=3880"},"modified":"2026-02-05T15:07:48","modified_gmt":"2026-02-05T14:07:48","slug":"poker-menteur","status":"publish","type":"post","link":"https:\/\/pcf08.com\/index.php\/2026\/02\/05\/poker-menteur\/","title":{"rendered":"POKER MENTEUR"},"content":{"rendered":"<p align=\"justify\"><span style=\"font-family: Calibri, sans-serif;\"><img loading=\"lazy\" decoding=\"async\" class=\"size-medium wp-image-3881 alignleft\" src=\"https:\/\/pcf08.com\/wp-content\/uploads\/2026\/02\/municipales-4-300x200.jpg\" alt=\"\" width=\"300\" height=\"200\" srcset=\"https:\/\/pcf08.com\/wp-content\/uploads\/2026\/02\/municipales-4-300x200.jpg 300w, https:\/\/pcf08.com\/wp-content\/uploads\/2026\/02\/municipales-4-1024x682.jpg 1024w, https:\/\/pcf08.com\/wp-content\/uploads\/2026\/02\/municipales-4-768x512.jpg 768w, https:\/\/pcf08.com\/wp-content\/uploads\/2026\/02\/municipales-4-1536x1024.jpg 1536w, https:\/\/pcf08.com\/wp-content\/uploads\/2026\/02\/municipales-4-1620x1080.jpg 1620w, https:\/\/pcf08.com\/wp-content\/uploads\/2026\/02\/municipales-4-272x182.jpg 272w, https:\/\/pcf08.com\/wp-content\/uploads\/2026\/02\/municipales-4.jpg 1772w\" sizes=\"(max-width: 300px) 100vw, 300px\" \/>Depuis que le faux suspens de sa candidature pour un nouveau mandat de maire est tomb\u00e9 M. Ravignon n\u2019a jamais eu autant de promesses et de bilans port\u00e9s \u00e0 la connaissance des Carolomac\u00e9riennes et Carolomac\u00e9riens via la presse locale.<\/span><\/p>\n<p align=\"justify\"><span style=\"font-family: Calibri, sans-serif;\">Le bilan du mandat qui se termine a fait l\u2019objet d\u2019une des derni\u00e8res \u00e9ditions du journal local. Force est de constater que cette seconde mandature, sous la m\u00eame majorit\u00e9, ne restera pas au rayon des promesses tenues et de l\u2019accomplissement total de ce qui avait \u00e9t\u00e9 expos\u00e9 dans un programme de trente pages en 2020.<\/span><\/p>\n<p align=\"justify\"><span style=\"font-family: Calibri, sans-serif;\">Une composante majeure de ce programme assurait que notre cit\u00e9 offrirait l\u2019accessibilit\u00e9 de toutes ses rues, boulevards et avenues aux cyclistes. Pr\u00e9tendre \u00e0 ce jour que c\u2019est une pleine r\u00e9ussite est grossi\u00e8rement faux. Un marquage au sol indiquant que la voie de circulation est ouverte dans ses deux sens aux deux roues, ne garantit pas une totale s\u00e9curit\u00e9 et ne porte pas le nom de piste cyclable. Un quartier tel que la Houill\u00e8re, m\u00eame s\u2019il n\u2019a pas la m\u00eame densit\u00e9 d\u00e9mographique que la \u201cronde couture\u201d n\u2019offre aucune v\u00e9ritable piste cyclable et reste tr\u00e8s dangereux pour la pratique du v\u00e9lo.<\/span><\/p>\n<p align=\"justify\"><span style=\"font-family: Calibri, sans-serif;\">Autre promesse non respect\u00e9e, le r\u00e9alisation de la pi\u00e9tonnisation durable de la place \u201cDucale\u201d qui alterne espace r\u00e9serv\u00e9 aux pi\u00e9tons et ouverture aux automobiles dont la fr\u00e9quence reste une \u00e9nigme.<\/span><\/p>\n<p align=\"justify\"><span style=\"font-family: Calibri, sans-serif;\">La s\u00e9curit\u00e9, dont le constat de ces derniers jours, laisse malheureusement un go\u00fbt de stagnation voir de r\u00e9trogradation, dixit le Pr\u00e9fet lui- m\u00eame, ne peut \u00eatre cit\u00e9 comme un exemple des engagements les mieux respect\u00e9s. M\u00eame si le futur programme (pas encore d\u00e9voil\u00e9) du maire candidat, annon\u00e7ant publiquement que cette situation est due \u00e0 la politique appliqu\u00e9e par le Gouvernement dont il se r\u00e9clame partisan, laisse entrevoir par une pr\u00e9annonce une certaine augmentation des effectifs de la police municipale (PM), aux frais de la ville. Il ne pr\u00e9cise pas que les agents de la PM sont embauch\u00e9s au statut d\u2019agents territoriaux dont les salaires sont \u00e0 la charge des communes, qui souffrent \u00e9norm\u00e9ment jusqu\u2019\u00e0 mettre leur situation financi\u00e8re en grand danger \u00e0 cause de la baisse des dotations allou\u00e9es par l\u2019\u00c9tat.<\/span><\/p>\n<p align=\"justify\"><span style=\"font-family: Calibri, sans-serif;\">Le r\u00e9sultat de cette seconde mandature qui boucle un cycle de douze ans \u201cravignonesque\u201d se cl\u00f4ture sur d\u2019autres promesses rest\u00e9es au rang du \u201cpeut-\u00eatre\u201d avec des d\u00e9lais approximatifs estim\u00e9s d\u2019au moins une d\u00e9cennie !<\/span><\/p>\n<p align=\"justify\"><span style=\"font-family: Calibri, sans-serif;\">On peut citer : la mise en \u0153uvre d\u2019un plan de circulation impos\u00e9, l&rsquo;hypoth\u00e9tique retour du carnaval, la cr\u00e9ation de 4 grands parcs, l\u2019ouverture d\u2019horizons pour nos jeunes d\u2019au moins 4000 \u00e9tudiants, la cr\u00e9ation et l\u2019entretien d\u2019espaces sportifs&#8230;.<\/span><\/p>\n<p align=\"justify\"><span style=\"font-family: Calibri, sans-serif;\">M\u00eame si, les promesses n\u2019engagent que celles et ceux qui y croient, la lucidit\u00e9 demeure un juge impartial !<\/span><\/p>\n<p align=\"justify\"><span style=\"font-family: Calibri, sans-serif;\">Rendez-vous les 15 &amp;22 mars 2026.<\/span><\/p>\n<p align=\"right\"><span style=\"font-family: Calibri, sans-serif;\">Patrick LATTUADA<\/span><\/p>\n","protected":false},"excerpt":{"rendered":"<p>Depuis que le faux suspens de sa candidature pour un nouveau mandat de maire est tomb\u00e9 M. Ravignon n\u2019a jamais eu autant de promesses et de bilans port\u00e9s \u00e0 la connaissance des Carolomac\u00e9riennes et Carolomac\u00e9riens via la presse locale. Le bilan du mandat qui se termine a fait l\u2019objet d\u2019une des derni\u00e8res \u00e9ditions du journal [&hellip;]<\/p>\n","protected":false},"author":4,"featured_media":0,"comment_status":"closed","ping_status":"open","sticky":false,"template":"","format":"standard","meta":{"saved_in_kubio":false,"footnotes":""},"categories":[1],"tags":[],"class_list":["post-3880","post","type-post","status-publish","format-standard","hentry","category-non-classe"],"_links":{"self":[{"href":"https:\/\/pcf08.com\/index.php\/wp-json\/wp\/v2\/posts\/3880","targetHints":{"allow":["GET"]}}],"collection":[{"href":"https:\/\/pcf08.com\/index.php\/wp-json\/wp\/v2\/posts"}],"about":[{"href":"https:\/\/pcf08.com\/index.php\/wp-json\/wp\/v2\/types\/post"}],"author":[{"embeddable":true,"href":"https:\/\/pcf08.com\/index.php\/wp-json\/wp\/v2\/users\/4"}],"replies":[{"embeddable":true,"href":"https:\/\/pcf08.com\/index.php\/wp-json\/wp\/v2\/comments?post=3880"}],"version-history":[{"count":1,"href":"https:\/\/pcf08.com\/index.php\/wp-json\/wp\/v2\/posts\/3880\/revisions"}],"predecessor-version":[{"id":3882,"href":"https:\/\/pcf08.com\/index.php\/wp-json\/wp\/v2\/posts\/3880\/revisions\/3882"}],"wp:attachment":[{"href":"https:\/\/pcf08.com\/index.php\/wp-json\/wp\/v2\/media?parent=3880"}],"wp:term":[{"taxonomy":"category","embeddable":true,"href":"https:\/\/pcf08.com\/index.php\/wp-json\/wp\/v2\/categories?post=3880"},{"taxonomy":"post_tag","embeddable":true,"href":"https:\/\/pcf08.com\/index.php\/wp-json\/wp\/v2\/tags?post=3880"}],"curies":[{"name":"wp","href":"https:\/\/api.w.org\/{rel}","templated":true}]}}