{"id":3862,"date":"2026-01-29T08:55:25","date_gmt":"2026-01-29T07:55:25","guid":{"rendered":"https:\/\/pcf08.com\/?p=3862"},"modified":"2026-01-29T08:55:25","modified_gmt":"2026-01-29T07:55:25","slug":"honte-a-la-suppression-demplois-au-conseil-departemental","status":"publish","type":"post","link":"https:\/\/pcf08.com\/index.php\/2026\/01\/29\/honte-a-la-suppression-demplois-au-conseil-departemental\/","title":{"rendered":"Honte \u00e0 la suppression d\u2019emplois au Conseil D\u00e9partemental"},"content":{"rendered":"<p align=\"justify\"><span style=\"font-family: Calibri, sans-serif;\"><span style=\"font-size: medium;\"><img loading=\"lazy\" decoding=\"async\" class=\"size-medium wp-image-3863 alignleft\" src=\"https:\/\/pcf08.com\/wp-content\/uploads\/2026\/01\/conseildepartemental-1-300x166.jpg\" alt=\"\" width=\"300\" height=\"166\" srcset=\"https:\/\/pcf08.com\/wp-content\/uploads\/2026\/01\/conseildepartemental-1-300x166.jpg 300w, https:\/\/pcf08.com\/wp-content\/uploads\/2026\/01\/conseildepartemental-1.jpg 474w\" sizes=\"(max-width: 300px) 100vw, 300px\" \/>Le Conseil D\u00e9partemental (CD) des Ardennes, comme beaucoup d\u2019autres conseils d\u00e9partementaux, dont une grande partie sont g\u00e9r\u00e9es par une majorit\u00e9 de droite, sont asphyxi\u00e9s par la diminution des budgets qui leurs sont allou\u00e9s. <\/span><\/span><\/p>\n<p align=\"justify\"><span style=\"font-family: Calibri, sans-serif;\"><span style=\"font-size: medium;\">Les \u00e9lus d\u00e9partementaux se trouvent dans l\u2019impossibilit\u00e9 d\u2019\u00e9laborer les budgets 2026 leur permettant de r\u00e9aliser pleinement les missions qui leur sont imparties.<\/span><\/span><\/p>\n<p align=\"justify\"><span style=\"font-family: Calibri, sans-serif;\"><span style=\"font-size: medium;\">Malgr\u00e9 les efforts engag\u00e9s ces derni\u00e8res ann\u00e9es qui ont p\u00e9nalis\u00e9 en premier lieu les salari\u00e9s mais aussi les citoyens, le recul des ressources attribu\u00e9es par les diff\u00e9rents gouvernements Macron impacte directement la capacit\u00e9 du d\u00e9partement \u00e0 maintenir \u00e0 un niveau digne les missions qui lui sont confi\u00e9es mais aussi son niveau d\u2019emploi.<\/span><\/span><\/p>\n<p align=\"justify\"><span style=\"font-family: Calibri, sans-serif;\"><span style=\"font-size: medium;\">Face \u00e0 ce contexte budg\u00e9taire contraint le CD n\u2019a choisi comme simple variable d\u2019ajustement que la suppression d\u2019une centaine de postes, pudiquement appel\u00e9e, non remplacement de d\u00e9parts en retraite.<\/span><\/span><\/p>\n<p align=\"justify\"><span style=\"font-family: Calibri, sans-serif;\"><span style=\"font-size: medium;\">Cette mesure va mettre en p\u00e9ril la qualit\u00e9, la continuit\u00e9 des missions essentielles du d\u00e9partement et rel\u00e9guer au second plan la pr\u00e9servation de la qualit\u00e9 du service rendu aux habitants. Un des premiers effets constat\u00e9 est l\u2019ouverture au public par intermittence de la MDPH (Maison D\u00e9partementale des Personnes Handicap\u00e9es), qui \u00e0 sa cr\u00e9ation \u00e9tait d\u00e9j\u00e0 un recul d\u2019un service public de l\u2019\u00c9tat.<\/span><\/span><\/p>\n<p align=\"justify\"><span style=\"font-family: Calibri, sans-serif;\"><span style=\"font-size: medium;\">Autre cons\u00e9quence qui va p\u00e9naliser les Ardennaises et Ardennais. Ces suppressions d\u2019emplois vont diminuer l\u2019offre d\u2019emplois et acc\u00e9l\u00e9rer la perte d\u00e9mographique des Ardennes. <\/span><\/span><\/p>\n<p align=\"justify\"><span style=\"font-family: Calibri, sans-serif;\"><span style=\"font-size: medium;\">Il devient urgent d\u2019interpeller l\u2019\u00c9tat \u00e0 reconsid\u00e9rer le niveau de ses dotations aux collectivit\u00e9s territoriales, afin de leur permettre d\u2019exercer pleinement leurs comp\u00e9tences au service des citoyens et de l\u2019emploi public local.<\/span><\/span><\/p>\n<p align=\"justify\"><span style=\"font-family: Calibri, sans-serif;\"><span style=\"font-size: medium;\">Ce changement de politique serait un premier pas pour redonner \u00e0 notre R\u00e9publique tout le sens de\u00a0: l\u2019\u00c9GALIT\u00c9 pour toutes et tous\u00a0!<\/span><\/span><\/p>\n<p align=\"right\"><span style=\"font-family: Calibri, sans-serif;\"><span style=\"font-size: medium;\">Patrick LATTUADA<\/span><\/span><\/p>\n","protected":false},"excerpt":{"rendered":"<p>Le Conseil D\u00e9partemental (CD) des Ardennes, comme beaucoup d\u2019autres conseils d\u00e9partementaux, dont une grande partie sont g\u00e9r\u00e9es par une majorit\u00e9 de droite, sont asphyxi\u00e9s par la diminution des budgets qui leurs sont allou\u00e9s. Les \u00e9lus d\u00e9partementaux se trouvent dans l\u2019impossibilit\u00e9 d\u2019\u00e9laborer les budgets 2026 leur permettant de r\u00e9aliser pleinement les missions qui leur sont imparties. [&hellip;]<\/p>\n","protected":false},"author":4,"featured_media":0,"comment_status":"closed","ping_status":"open","sticky":false,"template":"","format":"standard","meta":{"saved_in_kubio":false,"footnotes":""},"categories":[1],"tags":[],"class_list":["post-3862","post","type-post","status-publish","format-standard","hentry","category-non-classe"],"_links":{"self":[{"href":"https:\/\/pcf08.com\/index.php\/wp-json\/wp\/v2\/posts\/3862","targetHints":{"allow":["GET"]}}],"collection":[{"href":"https:\/\/pcf08.com\/index.php\/wp-json\/wp\/v2\/posts"}],"about":[{"href":"https:\/\/pcf08.com\/index.php\/wp-json\/wp\/v2\/types\/post"}],"author":[{"embeddable":true,"href":"https:\/\/pcf08.com\/index.php\/wp-json\/wp\/v2\/users\/4"}],"replies":[{"embeddable":true,"href":"https:\/\/pcf08.com\/index.php\/wp-json\/wp\/v2\/comments?post=3862"}],"version-history":[{"count":1,"href":"https:\/\/pcf08.com\/index.php\/wp-json\/wp\/v2\/posts\/3862\/revisions"}],"predecessor-version":[{"id":3864,"href":"https:\/\/pcf08.com\/index.php\/wp-json\/wp\/v2\/posts\/3862\/revisions\/3864"}],"wp:attachment":[{"href":"https:\/\/pcf08.com\/index.php\/wp-json\/wp\/v2\/media?parent=3862"}],"wp:term":[{"taxonomy":"category","embeddable":true,"href":"https:\/\/pcf08.com\/index.php\/wp-json\/wp\/v2\/categories?post=3862"},{"taxonomy":"post_tag","embeddable":true,"href":"https:\/\/pcf08.com\/index.php\/wp-json\/wp\/v2\/tags?post=3862"}],"curies":[{"name":"wp","href":"https:\/\/api.w.org\/{rel}","templated":true}]}}