{"id":384,"date":"2020-09-04T14:16:48","date_gmt":"2020-09-04T12:16:48","guid":{"rendered":"http:\/\/pcf08.com\/?p=384"},"modified":"2020-09-04T14:16:54","modified_gmt":"2020-09-04T12:16:54","slug":"deces-de-jean-bastin","status":"publish","type":"post","link":"https:\/\/pcf08.com\/index.php\/2020\/09\/04\/deces-de-jean-bastin\/","title":{"rendered":"D\u00e9c\u00e8s de Jean BASTIN"},"content":{"rendered":"<p><img loading=\"lazy\" decoding=\"async\" class=\" wp-image-385 alignleft\" src=\"https:\/\/pcf08.com\/wp-content\/uploads\/2020\/09\/BASTIN-242x300.jpg\" alt=\"\" width=\"152\" height=\"188\" srcset=\"https:\/\/pcf08.com\/wp-content\/uploads\/2020\/09\/BASTIN-242x300.jpg 242w, https:\/\/pcf08.com\/wp-content\/uploads\/2020\/09\/BASTIN.jpg 400w\" sizes=\"(max-width: 152px) 100vw, 152px\" \/><\/p>\n<p>Militant de la CGT depuis 1953 et membre de la commission ex\u00e9cutive de l\u2019UD-CGT des Ardennes de 1971 \u00e0 1976, Jean Bastin adh\u00e9ra au Parti communiste en 1972.Il y occupa vite des responsabilit\u00e9s d\u00e9partementales : membre du bureau f\u00e9d\u00e9ral \u00e0 partir de\u00a0 1974, secr\u00e9taire de 1978 \u00e0 1985.<\/p>\n<p>Apr\u00e8s cette date, il pr\u00e9sida la commission f\u00e9d\u00e9rale du contr\u00f4le financier.<\/p>\n","protected":false},"excerpt":{"rendered":"<p>Militant de la CGT depuis 1953 et membre de la commission ex\u00e9cutive de l\u2019UD-CGT des Ardennes de 1971 \u00e0 1976, Jean Bastin adh\u00e9ra au Parti communiste en 1972.Il y occupa vite des responsabilit\u00e9s d\u00e9partementales : membre du bureau f\u00e9d\u00e9ral \u00e0 partir de\u00a0 1974, secr\u00e9taire de 1978 \u00e0 1985. Apr\u00e8s cette date, il pr\u00e9sida la commission [&hellip;]<\/p>\n","protected":false},"author":4,"featured_media":0,"comment_status":"closed","ping_status":"open","sticky":false,"template":"","format":"standard","meta":{"saved_in_kubio":false,"footnotes":""},"categories":[1],"tags":[],"class_list":["post-384","post","type-post","status-publish","format-standard","hentry","category-non-classe"],"_links":{"self":[{"href":"https:\/\/pcf08.com\/index.php\/wp-json\/wp\/v2\/posts\/384","targetHints":{"allow":["GET"]}}],"collection":[{"href":"https:\/\/pcf08.com\/index.php\/wp-json\/wp\/v2\/posts"}],"about":[{"href":"https:\/\/pcf08.com\/index.php\/wp-json\/wp\/v2\/types\/post"}],"author":[{"embeddable":true,"href":"https:\/\/pcf08.com\/index.php\/wp-json\/wp\/v2\/users\/4"}],"replies":[{"embeddable":true,"href":"https:\/\/pcf08.com\/index.php\/wp-json\/wp\/v2\/comments?post=384"}],"version-history":[{"count":2,"href":"https:\/\/pcf08.com\/index.php\/wp-json\/wp\/v2\/posts\/384\/revisions"}],"predecessor-version":[{"id":387,"href":"https:\/\/pcf08.com\/index.php\/wp-json\/wp\/v2\/posts\/384\/revisions\/387"}],"wp:attachment":[{"href":"https:\/\/pcf08.com\/index.php\/wp-json\/wp\/v2\/media?parent=384"}],"wp:term":[{"taxonomy":"category","embeddable":true,"href":"https:\/\/pcf08.com\/index.php\/wp-json\/wp\/v2\/categories?post=384"},{"taxonomy":"post_tag","embeddable":true,"href":"https:\/\/pcf08.com\/index.php\/wp-json\/wp\/v2\/tags?post=384"}],"curies":[{"name":"wp","href":"https:\/\/api.w.org\/{rel}","templated":true}]}}