{"id":379,"date":"2020-09-04T13:47:55","date_gmt":"2020-09-04T11:47:55","guid":{"rendered":"http:\/\/pcf08.com\/?p=379"},"modified":"2020-09-04T13:48:02","modified_gmt":"2020-09-04T11:48:02","slug":"une-rentree-scolaire-sous-le-signe-du-bricolage-et-de-lausterite","status":"publish","type":"post","link":"https:\/\/pcf08.com\/index.php\/2020\/09\/04\/une-rentree-scolaire-sous-le-signe-du-bricolage-et-de-lausterite\/","title":{"rendered":"Une rentr\u00e9e scolaire sous le  signe du bricolage et de l\u2019aust\u00e9rit\u00e9 !"},"content":{"rendered":"<p>Soulagement avec l\u2019impression d\u2019un retour \u00e0 la vie normale, joie de revoir les copains, inqui\u00e9tude devant les risques de contamination (surtout des parents!), angoisse de reprendre coll\u00e8ge ou lyc\u00e9e o\u00f9 l\u2019on se sent en difficult\u00e9, encore plus apr\u00e8s le confinement \u2026., les sentiments li\u00e9s \u00e0 cette rentr\u00e9e scolaire sont sans doute encore plus vari\u00e9s que les autres ann\u00e9es.<\/p>\n<p>Le protocole sanitaire mis en place en ao\u00fbt r\u00e9ussit le tour de force d\u2019\u00eatre \u00e0 la fois peu protecteur et inapplicable. Il a surtout pour objet de pouvoir rejeter la responsabilit\u00e9 sur les chefs d\u2019\u00e9tablissement et les collectivit\u00e9s territoriales en cas de contamination.<\/p>\n<p>Surtout, le confinement a mis au grand jour les in\u00e9galit\u00e9s sociales, culturelles entre ceux qui pouvaient s\u2019appuyer sur le bagage scolaire de leurs parents et des conditions mat\u00e9rielles ad\u00e9quates comme ordinateur et internet \u00e0 disposition et les autres, laiss\u00e9s \u00e0 l\u2019abandon, malgr\u00e9 le d\u00e9vouement des enseignants.<\/p>\n<p>Et rien n\u2019est pr\u00e9vu pour permettre le rattrapage, des enseignants en plus pour permettre de r\u00e9duire les groupes classes : dans les coll\u00e8ges et les lyc\u00e9es qui accueillent entre 18 000 et 20 000 \u00e9l\u00e8ves suppl\u00e9mentaires en cette rentr\u00e9e, il y a 440 postes d\u2019enseignants en moins selon le SNES-FSU.<\/p>\n<p>Plus fondamentalement, face \u00e0 cette crise, Macron et son gouvernement proposent une r\u00e9ponse simple, traduite par la r\u00e9forme Blanquer : en finir avec l\u2019objectif d\u2019\u00e9galit\u00e9. Le PCF veut au contraire construire un changement radical de politique, pour construire une \u00e9cole commune, pour toutes et tous : une \u00e9cole gratuite dans laquelle les enfants sont \u00e0 \u00e9galit\u00e9, faisant le pari que tous les jeunes sont capables d\u2019atteindre un haut niveau de formation, de culture et de savoir, permettant \u00e0 toutes et tous de ma\u00eetriser leur destin, individuel et collectif.<\/p>\n","protected":false},"excerpt":{"rendered":"<p>Soulagement avec l\u2019impression d\u2019un retour \u00e0 la vie normale, joie de revoir les copains, inqui\u00e9tude devant les risques de contamination (surtout des parents!), angoisse de reprendre coll\u00e8ge ou lyc\u00e9e o\u00f9 l\u2019on se sent en difficult\u00e9, encore plus apr\u00e8s le confinement \u2026., les sentiments li\u00e9s \u00e0 cette rentr\u00e9e scolaire sont sans doute encore plus vari\u00e9s que [&hellip;]<\/p>\n","protected":false},"author":4,"featured_media":0,"comment_status":"closed","ping_status":"open","sticky":false,"template":"","format":"standard","meta":{"saved_in_kubio":false,"footnotes":""},"categories":[1],"tags":[],"class_list":["post-379","post","type-post","status-publish","format-standard","hentry","category-non-classe"],"_links":{"self":[{"href":"https:\/\/pcf08.com\/index.php\/wp-json\/wp\/v2\/posts\/379","targetHints":{"allow":["GET"]}}],"collection":[{"href":"https:\/\/pcf08.com\/index.php\/wp-json\/wp\/v2\/posts"}],"about":[{"href":"https:\/\/pcf08.com\/index.php\/wp-json\/wp\/v2\/types\/post"}],"author":[{"embeddable":true,"href":"https:\/\/pcf08.com\/index.php\/wp-json\/wp\/v2\/users\/4"}],"replies":[{"embeddable":true,"href":"https:\/\/pcf08.com\/index.php\/wp-json\/wp\/v2\/comments?post=379"}],"version-history":[{"count":1,"href":"https:\/\/pcf08.com\/index.php\/wp-json\/wp\/v2\/posts\/379\/revisions"}],"predecessor-version":[{"id":380,"href":"https:\/\/pcf08.com\/index.php\/wp-json\/wp\/v2\/posts\/379\/revisions\/380"}],"wp:attachment":[{"href":"https:\/\/pcf08.com\/index.php\/wp-json\/wp\/v2\/media?parent=379"}],"wp:term":[{"taxonomy":"category","embeddable":true,"href":"https:\/\/pcf08.com\/index.php\/wp-json\/wp\/v2\/categories?post=379"},{"taxonomy":"post_tag","embeddable":true,"href":"https:\/\/pcf08.com\/index.php\/wp-json\/wp\/v2\/tags?post=379"}],"curies":[{"name":"wp","href":"https:\/\/api.w.org\/{rel}","templated":true}]}}