{"id":3753,"date":"2026-01-22T12:07:32","date_gmt":"2026-01-22T11:07:32","guid":{"rendered":"https:\/\/pcf08.com\/?p=3753"},"modified":"2026-01-22T12:07:32","modified_gmt":"2026-01-22T11:07:32","slug":"pouvoir-dachat","status":"publish","type":"post","link":"https:\/\/pcf08.com\/index.php\/2026\/01\/22\/pouvoir-dachat\/","title":{"rendered":"POUVOIR D\u2019ACHAT"},"content":{"rendered":"<p align=\"justify\"><span style=\"font-family: Calibri, sans-serif;\"><img loading=\"lazy\" decoding=\"async\" class=\"size-medium wp-image-3754 alignleft\" src=\"https:\/\/pcf08.com\/wp-content\/uploads\/2026\/01\/pouvoirdachat-300x216.jpg\" alt=\"\" width=\"300\" height=\"216\" srcset=\"https:\/\/pcf08.com\/wp-content\/uploads\/2026\/01\/pouvoirdachat-300x216.jpg 300w, https:\/\/pcf08.com\/wp-content\/uploads\/2026\/01\/pouvoirdachat.jpg 449w\" sizes=\"(max-width: 300px) 100vw, 300px\" \/>Malgr\u00e9 la particularit\u00e9 de la p\u00e9riode que nous traversons en ce d\u00e9but d\u2019ann\u00e9e, \u00e0 l\u2019image d\u2019un monde chaotique et d\u00e9sesp\u00e9rant, domin\u00e9 par les d\u00e9clarations et la politique du va-t-en guerre \u00e0 la t\u00eate des USA aidant largement la prolif\u00e9ration des valeurs naus\u00e9abondes de l\u2019extr\u00eame droite.<\/span><\/p>\n<p align=\"justify\"><span style=\"font-family: Calibri, sans-serif;\">Un sondage r\u00e9cent (Odoxa du 18\/12\/2025) d\u00e9montre que la principale pr\u00e9occupation des Fran\u00e7ais (43%) reste le pouvoir d\u2019achat, devan\u00e7ant largement les autres telles que\u00a0: l\u2019ins\u00e9curit\u00e9, l\u2019immigration, la dette, les imp\u00f4ts etc\u2026<\/span><\/p>\n<p align=\"justify\"><span style=\"font-family: Calibri, sans-serif;\">Cette premi\u00e8re pr\u00e9occupation est surtout exprim\u00e9e par les classes moyennes et les m\u00e9nages modestes, pour qui les d\u00e9penses essentielles repr\u00e9sentent une part croissante des budgets familiaux.<\/span><\/p>\n<p align=\"justify\"><span style=\"font-family: Calibri, sans-serif;\">La hausse continue des prix, notamment de l\u2019alimentation, de l\u2019\u00e9nergie, du logement, met en grande difficult\u00e9 de nombreux m\u00e9nages, m\u00eame des actifs ayant un emploi stable, \u00e0 maintenir leur niveau de vie. Beaucoup se trouvent dans l\u2019obligation de faire des choix difficiles et de sacrifier, les loisirs, les vacances allant m\u00eame jusqu\u2019\u00e0 des d\u00e9penses de premi\u00e8res n\u00e9cessit\u00e9 telles que, chauffage, mutuelle\u2026<\/span><\/p>\n<p align=\"justify\"><span style=\"font-family: Calibri, sans-serif;\">Les factures augmentent plus vite que les salaires ce qui entretient un sentiment d\u2019injustice et la non reconnaissance des efforts professionnels exig\u00e9s par les employeurs.<\/span><\/p>\n<p align=\"justify\"><span style=\"font-family: Calibri, sans-serif;\">Les Fran\u00e7ais attendent des mesures concr\u00e8tes de la part des pouvoirs publics et des entreprises, passant par une r\u00e9elle revalorisation des salaires et non l\u2019octroi de primes, une contribution \u00e9gale des ultras riches \u00e0 l\u2019\u00e9laboration des budgets et non l\u2019application du 49.3, afin de pr\u00e9server leur pouvoir de vivre dignement.<\/span><\/p>\n<p align=\"justify\"><span style=\"font-family: Calibri, sans-serif;\">Ainsi, le pouvoir d\u2019achat ne constitue pas seulement une question \u00e9conomique, mais aussi en enjeu social majeur, influen\u00e7ant le moral, la confiance et la coh\u00e9sion de la soci\u00e9t\u00e9 fran\u00e7aise.<\/span><\/p>\n<p align=\"right\"><span style=\"font-family: Calibri, sans-serif;\">Patrick LATTUADA<\/span><\/p>\n","protected":false},"excerpt":{"rendered":"<p>Malgr\u00e9 la particularit\u00e9 de la p\u00e9riode que nous traversons en ce d\u00e9but d\u2019ann\u00e9e, \u00e0 l\u2019image d\u2019un monde chaotique et d\u00e9sesp\u00e9rant, domin\u00e9 par les d\u00e9clarations et la politique du va-t-en guerre \u00e0 la t\u00eate des USA aidant largement la prolif\u00e9ration des valeurs naus\u00e9abondes de l\u2019extr\u00eame droite. Un sondage r\u00e9cent (Odoxa du 18\/12\/2025) d\u00e9montre que la principale [&hellip;]<\/p>\n","protected":false},"author":4,"featured_media":0,"comment_status":"closed","ping_status":"open","sticky":false,"template":"","format":"standard","meta":{"saved_in_kubio":false,"footnotes":""},"categories":[1],"tags":[],"class_list":["post-3753","post","type-post","status-publish","format-standard","hentry","category-non-classe"],"_links":{"self":[{"href":"https:\/\/pcf08.com\/index.php\/wp-json\/wp\/v2\/posts\/3753","targetHints":{"allow":["GET"]}}],"collection":[{"href":"https:\/\/pcf08.com\/index.php\/wp-json\/wp\/v2\/posts"}],"about":[{"href":"https:\/\/pcf08.com\/index.php\/wp-json\/wp\/v2\/types\/post"}],"author":[{"embeddable":true,"href":"https:\/\/pcf08.com\/index.php\/wp-json\/wp\/v2\/users\/4"}],"replies":[{"embeddable":true,"href":"https:\/\/pcf08.com\/index.php\/wp-json\/wp\/v2\/comments?post=3753"}],"version-history":[{"count":1,"href":"https:\/\/pcf08.com\/index.php\/wp-json\/wp\/v2\/posts\/3753\/revisions"}],"predecessor-version":[{"id":3755,"href":"https:\/\/pcf08.com\/index.php\/wp-json\/wp\/v2\/posts\/3753\/revisions\/3755"}],"wp:attachment":[{"href":"https:\/\/pcf08.com\/index.php\/wp-json\/wp\/v2\/media?parent=3753"}],"wp:term":[{"taxonomy":"category","embeddable":true,"href":"https:\/\/pcf08.com\/index.php\/wp-json\/wp\/v2\/categories?post=3753"},{"taxonomy":"post_tag","embeddable":true,"href":"https:\/\/pcf08.com\/index.php\/wp-json\/wp\/v2\/tags?post=3753"}],"curies":[{"name":"wp","href":"https:\/\/api.w.org\/{rel}","templated":true}]}}