{"id":3750,"date":"2026-01-22T12:03:49","date_gmt":"2026-01-22T11:03:49","guid":{"rendered":"https:\/\/pcf08.com\/?p=3750"},"modified":"2026-01-22T12:03:49","modified_gmt":"2026-01-22T11:03:49","slug":"caf-lausterite-frappe-les-familles","status":"publish","type":"post","link":"https:\/\/pcf08.com\/index.php\/2026\/01\/22\/caf-lausterite-frappe-les-familles\/","title":{"rendered":"CAF, l\u2019aust\u00e9rit\u00e9 frappe les familles"},"content":{"rendered":"<p align=\"justify\"><span style=\"font-family: Calibri, sans-serif;\"><img loading=\"lazy\" decoding=\"async\" class=\"size-medium wp-image-3751 alignleft\" src=\"https:\/\/pcf08.com\/wp-content\/uploads\/2026\/01\/CAF-des-Ardennes-206x300.jpeg\" alt=\"\" width=\"206\" height=\"300\" srcset=\"https:\/\/pcf08.com\/wp-content\/uploads\/2026\/01\/CAF-des-Ardennes-206x300.jpeg 206w, https:\/\/pcf08.com\/wp-content\/uploads\/2026\/01\/CAF-des-Ardennes.jpeg 429w\" sizes=\"(max-width: 206px) 100vw, 206px\" \/>Un ph\u00e9nom\u00e8ne pass\u00e9 presque inaper\u00e7u est le coup port\u00e9 contre les allocations vers\u00e9es par la Caisse d\u2019Allocations Familiales. Cette d\u00e9cision nationale va toucher des milliers de familles qui vont voir le montant de leurs prestations chuter brutalement. <\/span><\/p>\n<p align=\"justify\"><span style=\"font-family: Calibri, sans-serif;\">Dans les Ardennes, la CAF aide environ 124 000 habitants (allocations logements \u2013 aides pour les enfants\u2026\u2026.) soit 46% de la population. La prochaine allocation de la CAF sera au minimum divis\u00e9e par deux. Cela d\u00e9coule du nouveau plafond de ressources retenu par la CAF pour 2026 pour le calcul des aides. Ce sont plusieurs milliers d\u2019euros qui vont \u00eatre perdus par les familles.<\/span><\/p>\n<p align=\"justify\"><span style=\"font-family: Calibri, sans-serif;\">Allocations familiales : un droit universel, des montants modul\u00e9s en 2026. La Caisse d&rsquo;allocations familiales qualifie elle-m\u00eame ses aides d'\u00a0\u00bbuniverselles\u00a0\u00bb. Elles sont vers\u00e9es \u00e0 partir de deux enfants \u00e0 charge, quels que soient les revenus, mais le montant varie selon les ressources du foyer. La CAF applique trois tranches : taux plein pour les m\u00e9nages en dessous du premier plafond, montant environ divis\u00e9 par deux dans la tranche interm\u00e9diaire, puis environ divis\u00e9 par quatre pour les revenus les plus \u00e9lev\u00e9s. <\/span><\/p>\n<p align=\"right\"><span style=\"font-family: Calibri, sans-serif;\">Sylvain DALLA ROSA<\/span><\/p>\n","protected":false},"excerpt":{"rendered":"<p>Un ph\u00e9nom\u00e8ne pass\u00e9 presque inaper\u00e7u est le coup port\u00e9 contre les allocations vers\u00e9es par la Caisse d\u2019Allocations Familiales. Cette d\u00e9cision nationale va toucher des milliers de familles qui vont voir le montant de leurs prestations chuter brutalement. Dans les Ardennes, la CAF aide environ 124 000 habitants (allocations logements \u2013 aides pour les enfants\u2026\u2026.) soit [&hellip;]<\/p>\n","protected":false},"author":4,"featured_media":0,"comment_status":"closed","ping_status":"open","sticky":false,"template":"","format":"standard","meta":{"saved_in_kubio":false,"footnotes":""},"categories":[1],"tags":[],"class_list":["post-3750","post","type-post","status-publish","format-standard","hentry","category-non-classe"],"_links":{"self":[{"href":"https:\/\/pcf08.com\/index.php\/wp-json\/wp\/v2\/posts\/3750","targetHints":{"allow":["GET"]}}],"collection":[{"href":"https:\/\/pcf08.com\/index.php\/wp-json\/wp\/v2\/posts"}],"about":[{"href":"https:\/\/pcf08.com\/index.php\/wp-json\/wp\/v2\/types\/post"}],"author":[{"embeddable":true,"href":"https:\/\/pcf08.com\/index.php\/wp-json\/wp\/v2\/users\/4"}],"replies":[{"embeddable":true,"href":"https:\/\/pcf08.com\/index.php\/wp-json\/wp\/v2\/comments?post=3750"}],"version-history":[{"count":1,"href":"https:\/\/pcf08.com\/index.php\/wp-json\/wp\/v2\/posts\/3750\/revisions"}],"predecessor-version":[{"id":3752,"href":"https:\/\/pcf08.com\/index.php\/wp-json\/wp\/v2\/posts\/3750\/revisions\/3752"}],"wp:attachment":[{"href":"https:\/\/pcf08.com\/index.php\/wp-json\/wp\/v2\/media?parent=3750"}],"wp:term":[{"taxonomy":"category","embeddable":true,"href":"https:\/\/pcf08.com\/index.php\/wp-json\/wp\/v2\/categories?post=3750"},{"taxonomy":"post_tag","embeddable":true,"href":"https:\/\/pcf08.com\/index.php\/wp-json\/wp\/v2\/tags?post=3750"}],"curies":[{"name":"wp","href":"https:\/\/api.w.org\/{rel}","templated":true}]}}