{"id":3746,"date":"2026-01-22T11:20:28","date_gmt":"2026-01-22T10:20:28","guid":{"rendered":"https:\/\/pcf08.com\/?p=3746"},"modified":"2026-01-22T11:20:28","modified_gmt":"2026-01-22T10:20:28","slug":"stop-au-hold-up-du-capital-sur-notre-agriculture","status":"publish","type":"post","link":"https:\/\/pcf08.com\/index.php\/2026\/01\/22\/stop-au-hold-up-du-capital-sur-notre-agriculture\/","title":{"rendered":"Stop au hold-up du capital sur notre agriculture\u00a0!"},"content":{"rendered":"<p align=\"justify\"><span style=\"font-family: Calibri, sans-serif;\"><img loading=\"lazy\" decoding=\"async\" class=\"size-medium wp-image-3747 alignleft\" src=\"https:\/\/pcf08.com\/wp-content\/uploads\/2026\/01\/mercosur-1-240x300.jpg\" alt=\"\" width=\"240\" height=\"300\" srcset=\"https:\/\/pcf08.com\/wp-content\/uploads\/2026\/01\/mercosur-1-240x300.jpg 240w, https:\/\/pcf08.com\/wp-content\/uploads\/2026\/01\/mercosur-1-819x1024.jpg 819w, https:\/\/pcf08.com\/wp-content\/uploads\/2026\/01\/mercosur-1-768x960.jpg 768w, https:\/\/pcf08.com\/wp-content\/uploads\/2026\/01\/mercosur-1.jpg 1080w\" sizes=\"(max-width: 240px) 100vw, 240px\" \/>L\u2019accord de libre-\u00e9change entre l\u2019Union Europ\u00e9enne et le Mercosur (Argentine, Br\u00e9sil, Paraguay, Uruguay) est une nouvelle attaque contre notre souverainet\u00e9 alimentaire !<\/span><\/p>\n<p align=\"justify\"><span style=\"font-family: Calibri, sans-serif;\">Depuis des d\u00e9cennies, le capital impose sa logique : l\u2019agriculture est trait\u00e9e comme une marchandise parmi d\u2019autres, standardis\u00e9e, comp\u00e9titive et soumise \u00e0 la concurrence mondiale. R\u00e9sultat : les producteurs de viande bovine, de betterave sucri\u00e8re, de volaille ou de miel seront encore une fois les grands perdants, face \u00e0 des producteurs sud-am\u00e9ricains qui ont des co\u00fbts de production beaucoup plus bas.<\/span><\/p>\n<p align=\"justify\"><span style=\"font-family: Calibri, sans-serif;\">Ce trait\u00e9 ouvre les portes \u00e0 des importations massives de produits agricoles, met en p\u00e9ril les normes environnementales et sanitaires europ\u00e9ennes, et acc\u00e9l\u00e8re la course au moins-disant. Cela menace nos paysans, nos emplois, nos paysages et la qualit\u00e9 de nos aliments.<\/span><\/p>\n<p align=\"justify\"><span style=\"font-family: Calibri, sans-serif;\">Nous refusons cette logique de concurrence g\u00e9n\u00e9ralis\u00e9e qui sert d\u2019abord les int\u00e9r\u00eats des multinationales, de la grande distribution et des firmes agro-industrielles. L\u2019agriculture doit \u00eatre prot\u00e9g\u00e9e, planifi\u00e9e d\u00e9mocratiquement et soutenue pour garantir des revenus dignes, des pratiques respectueuses du vivant, une r\u00e9elle souverainet\u00e9 alimentaire et de nouvelles coop\u00e9rations entre les peuples.<\/span><\/p>\n<p align=\"justify\"><span style=\"font-family: Calibri, sans-serif;\">Le PCF exige\u00a0:<\/span><\/p>\n<p align=\"justify\"><span style=\"font-family: Calibri, sans-serif;\">&#8211; l\u2019abandon de l\u2019accord UE-Mercosur tel qu\u2019il est propos\u00e9 ;<\/span><\/p>\n<p align=\"justify\"><span style=\"font-family: Calibri, sans-serif;\">&#8211; des politiques agricoles qui d\u00e9fendent les agriculteurs et agricultrices et les territoires ;<\/span><\/p>\n<p align=\"justify\"><span style=\"font-family: Calibri, sans-serif;\">&#8211; la tra\u00e7abilit\u00e9, des normes \u00e9lev\u00e9es et le droit \u00e0 produire notre propre nourriture.<\/span><\/p>\n","protected":false},"excerpt":{"rendered":"<p>L\u2019accord de libre-\u00e9change entre l\u2019Union Europ\u00e9enne et le Mercosur (Argentine, Br\u00e9sil, Paraguay, Uruguay) est une nouvelle attaque contre notre souverainet\u00e9 alimentaire ! Depuis des d\u00e9cennies, le capital impose sa logique : l\u2019agriculture est trait\u00e9e comme une marchandise parmi d\u2019autres, standardis\u00e9e, comp\u00e9titive et soumise \u00e0 la concurrence mondiale. R\u00e9sultat : les producteurs de viande bovine, de [&hellip;]<\/p>\n","protected":false},"author":4,"featured_media":0,"comment_status":"closed","ping_status":"open","sticky":false,"template":"","format":"standard","meta":{"saved_in_kubio":false,"footnotes":""},"categories":[1],"tags":[],"class_list":["post-3746","post","type-post","status-publish","format-standard","hentry","category-non-classe"],"_links":{"self":[{"href":"https:\/\/pcf08.com\/index.php\/wp-json\/wp\/v2\/posts\/3746","targetHints":{"allow":["GET"]}}],"collection":[{"href":"https:\/\/pcf08.com\/index.php\/wp-json\/wp\/v2\/posts"}],"about":[{"href":"https:\/\/pcf08.com\/index.php\/wp-json\/wp\/v2\/types\/post"}],"author":[{"embeddable":true,"href":"https:\/\/pcf08.com\/index.php\/wp-json\/wp\/v2\/users\/4"}],"replies":[{"embeddable":true,"href":"https:\/\/pcf08.com\/index.php\/wp-json\/wp\/v2\/comments?post=3746"}],"version-history":[{"count":1,"href":"https:\/\/pcf08.com\/index.php\/wp-json\/wp\/v2\/posts\/3746\/revisions"}],"predecessor-version":[{"id":3748,"href":"https:\/\/pcf08.com\/index.php\/wp-json\/wp\/v2\/posts\/3746\/revisions\/3748"}],"wp:attachment":[{"href":"https:\/\/pcf08.com\/index.php\/wp-json\/wp\/v2\/media?parent=3746"}],"wp:term":[{"taxonomy":"category","embeddable":true,"href":"https:\/\/pcf08.com\/index.php\/wp-json\/wp\/v2\/categories?post=3746"},{"taxonomy":"post_tag","embeddable":true,"href":"https:\/\/pcf08.com\/index.php\/wp-json\/wp\/v2\/tags?post=3746"}],"curies":[{"name":"wp","href":"https:\/\/api.w.org\/{rel}","templated":true}]}}