{"id":3743,"date":"2026-01-22T11:19:07","date_gmt":"2026-01-22T10:19:07","guid":{"rendered":"https:\/\/pcf08.com\/?p=3743"},"modified":"2026-01-22T11:19:07","modified_gmt":"2026-01-22T10:19:07","slug":"les-etudes-dinfirmieres-victimes-du-jeu-politique","status":"publish","type":"post","link":"https:\/\/pcf08.com\/index.php\/2026\/01\/22\/les-etudes-dinfirmieres-victimes-du-jeu-politique\/","title":{"rendered":"Les \u00e9tudes d\u2019infirmi\u00e8res victimes du jeu politique\u00a0!"},"content":{"rendered":"<p align=\"justify\"><span style=\"font-family: Calibri, sans-serif;\"><img loading=\"lazy\" decoding=\"async\" class=\"size-medium wp-image-3744 alignleft\" src=\"https:\/\/pcf08.com\/wp-content\/uploads\/2026\/01\/IFSI-1-300x200.jpg\" alt=\"\" width=\"300\" height=\"200\" srcset=\"https:\/\/pcf08.com\/wp-content\/uploads\/2026\/01\/IFSI-1-300x200.jpg 300w, https:\/\/pcf08.com\/wp-content\/uploads\/2026\/01\/IFSI-1-272x182.jpg 272w, https:\/\/pcf08.com\/wp-content\/uploads\/2026\/01\/IFSI-1.jpg 474w\" sizes=\"(max-width: 300px) 100vw, 300px\" \/>A l\u2019IFSI de Charleville-M\u00e9zi\u00e8res, 104 places \u00e9taient propos\u00e9es en 2025 sur Parcoursup. Cette ann\u00e9e, l\u2019IFSI ne propose plus que d\u2019accueillir 72 \u00e9tudiant.e.s. Un quart en moins, alors que notre pays manque d\u2019infirmi\u00e8r.e.s\u00a0!<\/span><\/p>\n<p align=\"justify\"><span style=\"font-family: Calibri, sans-serif;\">C\u2019est une d\u00e9cision du Conseil R\u00e9gional du Grand Est. Les formations param\u00e9dicales ont en effet \u00e9t\u00e9 d\u00e9centralis\u00e9es aux r\u00e9gions par une loi de 2004. La d\u00e9cision s\u2019appuie sur la r\u00e9duction des dotations de l\u2019\u00c9tat aux r\u00e9gions dans le scandaleux budget que le Premier ministre a d\u00e9cid\u00e9 de faire passer \u00e0 coup de 49.3 malgr\u00e9 ses promesses.<\/span><\/p>\n<p align=\"justify\"><span style=\"font-family: Calibri, sans-serif;\">Apr\u00e8s le COVID le manque de soignants et les mobilisations avaient pouss\u00e9 le gouvernement de l\u2019\u00e9poque \u00e0 un ensemble de mesures\u00a0: le SEGUR de la sant\u00e9. Parmi elles, une dotation sp\u00e9cifique aux r\u00e9gions pour former plus d\u2019infirmi\u00e8res. Cette dotation n\u2019est pas reconduite cette ann\u00e9e d\u2019o\u00f9 la d\u00e9cision du conseil r\u00e9gional pour faire pression sur le gouvernement\u00a0!<\/span><\/p>\n<p align=\"justify\"><span style=\"font-family: Calibri, sans-serif;\">Cette d\u00e9cision interroge, tout particuli\u00e8rement d\u2019une majorit\u00e9 r\u00e9gionale de droite, que l\u2019on n\u2019entend pas s\u2019opposer aux budgets d\u2019aust\u00e9rit\u00e9 gouvernementaux, avec des conseillers r\u00e9gionaux comme J.L. Warsmann, par ailleurs d\u00e9put\u00e9 des Ardennes, bien silencieux \u00e0 l\u2019Assembl\u00e9e Nationale sur ces questions\u00a0!<\/span><\/p>\n<p align=\"justify\"><span style=\"font-family: Calibri, sans-serif;\">Cette majorit\u00e9 pr\u00e9f\u00e8re plut\u00f4t prendre en otage l\u2019avenir du syst\u00e8me de sant\u00e9 dans notre pays que de rogner sur des d\u00e9penses de prestige, de communication, que de conditionner les financements publics \u00e0 l\u2019int\u00e9r\u00eat g\u00e9n\u00e9ral, pas aux profits.<\/span><\/p>\n<p align=\"right\"><span style=\"font-family: Calibri, sans-serif;\">Mich\u00e8le LEFLON<\/span><\/p>\n","protected":false},"excerpt":{"rendered":"<p>A l\u2019IFSI de Charleville-M\u00e9zi\u00e8res, 104 places \u00e9taient propos\u00e9es en 2025 sur Parcoursup. Cette ann\u00e9e, l\u2019IFSI ne propose plus que d\u2019accueillir 72 \u00e9tudiant.e.s. Un quart en moins, alors que notre pays manque d\u2019infirmi\u00e8r.e.s\u00a0! C\u2019est une d\u00e9cision du Conseil R\u00e9gional du Grand Est. Les formations param\u00e9dicales ont en effet \u00e9t\u00e9 d\u00e9centralis\u00e9es aux r\u00e9gions par une loi de [&hellip;]<\/p>\n","protected":false},"author":4,"featured_media":0,"comment_status":"closed","ping_status":"open","sticky":false,"template":"","format":"standard","meta":{"saved_in_kubio":false,"footnotes":""},"categories":[1],"tags":[],"class_list":["post-3743","post","type-post","status-publish","format-standard","hentry","category-non-classe"],"_links":{"self":[{"href":"https:\/\/pcf08.com\/index.php\/wp-json\/wp\/v2\/posts\/3743","targetHints":{"allow":["GET"]}}],"collection":[{"href":"https:\/\/pcf08.com\/index.php\/wp-json\/wp\/v2\/posts"}],"about":[{"href":"https:\/\/pcf08.com\/index.php\/wp-json\/wp\/v2\/types\/post"}],"author":[{"embeddable":true,"href":"https:\/\/pcf08.com\/index.php\/wp-json\/wp\/v2\/users\/4"}],"replies":[{"embeddable":true,"href":"https:\/\/pcf08.com\/index.php\/wp-json\/wp\/v2\/comments?post=3743"}],"version-history":[{"count":1,"href":"https:\/\/pcf08.com\/index.php\/wp-json\/wp\/v2\/posts\/3743\/revisions"}],"predecessor-version":[{"id":3745,"href":"https:\/\/pcf08.com\/index.php\/wp-json\/wp\/v2\/posts\/3743\/revisions\/3745"}],"wp:attachment":[{"href":"https:\/\/pcf08.com\/index.php\/wp-json\/wp\/v2\/media?parent=3743"}],"wp:term":[{"taxonomy":"category","embeddable":true,"href":"https:\/\/pcf08.com\/index.php\/wp-json\/wp\/v2\/categories?post=3743"},{"taxonomy":"post_tag","embeddable":true,"href":"https:\/\/pcf08.com\/index.php\/wp-json\/wp\/v2\/tags?post=3743"}],"curies":[{"name":"wp","href":"https:\/\/api.w.org\/{rel}","templated":true}]}}