{"id":3740,"date":"2026-01-22T10:50:29","date_gmt":"2026-01-22T09:50:29","guid":{"rendered":"https:\/\/pcf08.com\/?p=3740"},"modified":"2026-01-22T10:50:29","modified_gmt":"2026-01-22T09:50:29","slug":"il-faut-allier-le-pessimisme-de-la-raison-a-loptimisme-de-la-volonte","status":"publish","type":"post","link":"https:\/\/pcf08.com\/index.php\/2026\/01\/22\/il-faut-allier-le-pessimisme-de-la-raison-a-loptimisme-de-la-volonte\/","title":{"rendered":"\u00ab\u00a0Il faut allier le pessimisme de la raison \u00e0 l&rsquo;optimisme de la volont\u00e9.\u00a0\u00bb"},"content":{"rendered":"<p align=\"justify\"><span style=\"font-family: Calibri, sans-serif;\"><img loading=\"lazy\" decoding=\"async\" class=\"size-medium wp-image-3741 alignleft\" src=\"https:\/\/pcf08.com\/wp-content\/uploads\/2026\/01\/edito-34-300x225.jpg\" alt=\"\" width=\"300\" height=\"225\" srcset=\"https:\/\/pcf08.com\/wp-content\/uploads\/2026\/01\/edito-34-300x225.jpg 300w, https:\/\/pcf08.com\/wp-content\/uploads\/2026\/01\/edito-34-1024x768.jpg 1024w, https:\/\/pcf08.com\/wp-content\/uploads\/2026\/01\/edito-34-768x576.jpg 768w, https:\/\/pcf08.com\/wp-content\/uploads\/2026\/01\/edito-34-1536x1152.jpg 1536w, https:\/\/pcf08.com\/wp-content\/uploads\/2026\/01\/edito-34.jpg 2048w\" sizes=\"(max-width: 300px) 100vw, 300px\" \/>Nous adressons nos meilleurs v\u0153ux 2026 de sant\u00e9, de bonheur pour chacune et chacun et pour le monde, des v\u0153ux de Paix et de Justice sociale.<\/span><\/p>\n<p align=\"justify\"><span style=\"font-family: Calibri, sans-serif;\">Avec une actualit\u00e9 difficile en cette rentr\u00e9e o\u00f9 les peuples sont en danger existentiel face aux politiques violentes des extr\u00eames droites : V\u00e9n\u00e9zu\u00e9liens, mais aussi Cubains qui sont menac\u00e9s, Iraniens, Kurdes de Syrie attaqu\u00e9s par les islamistes, Ukrainiens, Palestiniens et Groenlandais.<\/span><\/p>\n<p align=\"justify\"><span style=\"font-family: Calibri, sans-serif;\">Le PCF soutient les droits des peuples et le droit international. En Iran, apr\u00e8s le grand mouvement \u00ab Femmes-vie-libert\u00e9 \u00bb, c\u2019est la grande majorit\u00e9 de la nation iranienne qui aspire \u00e0 se d\u00e9barrasser d\u2019un r\u00e9gime corrompu et oppressif.<\/span><\/p>\n<p align=\"justify\"><span style=\"font-family: Calibri, sans-serif;\">Nous apportons notre soutien aux kurdes, dont la diaspora se rassemble tous les jours \u00e0 Paris et dans toutes les villes de France, ainsi que dans toute l&rsquo;Europe pour d\u00e9noncer les attaques sur les territoires autonomes du nord de la Syrie appel\u00e9s Rojava.<\/span><\/p>\n<p align=\"justify\"><span style=\"font-family: Calibri, sans-serif;\">C&rsquo;est un monde o\u00f9 le droit international est bafou\u00e9, la Paix menac\u00e9e, l&rsquo;extr\u00eame droite arrive au pouvoir pays apr\u00e8s pays (dernier en date le Chili !). En France, le racisme, l&rsquo;antis\u00e9mitisme, la haine de l&rsquo;autre prennent de plus en plus d&rsquo;ampleur.<\/span><\/p>\n<p align=\"justify\"><span style=\"font-family: Calibri, sans-serif;\">C&rsquo;est donc une ann\u00e9e combative qui se pr\u00e9sente \u00e0 nous : du point de vue \u00e9lectoral avec les \u00e9lections municipales en particulier, mais aussi les \u00e9lections professionnelles ainsi que celles pour les repr\u00e9sentants des locataires de bailleurs sociaux.<\/span><\/p>\n<p align=\"justify\"><span style=\"font-family: Calibri, sans-serif;\">Pour la construction de notre parti avec en juillet le congr\u00e8s national.<\/span><\/p>\n<p align=\"justify\"><span style=\"font-family: Calibri, sans-serif;\">S&rsquo;organiser pour des Jours Heureux, donner notre vision au sein d&rsquo;une gauche affaiblie certes, mais combative face \u00e0 la droite et l&rsquo;extr\u00eame droite en ordre de bataille.<\/span><\/p>\n<p align=\"justify\"><span style=\"font-family: Calibri, sans-serif;\">Alors n&rsquo;oublions pas les mots d&rsquo;Antonio Gramsci qu&rsquo;il \u00e9crivit au fond des prisons fascistes : \u00ab\u00a0Il faut allier le pessimisme de la raison \u00e0 l&rsquo;optimisme de la volont\u00e9.\u00a0\u00bb<\/span><\/p>\n<p align=\"right\"><span style=\"font-family: Calibri, sans-serif;\">Ir\u00e8ne PERRIN TOININ<\/span><\/p>\n<p align=\"right\"><span style=\"font-family: Calibri, sans-serif;\">Secr\u00e9taire de section de Charleville-M\u00e9zi\u00e8res<\/span><\/p>\n","protected":false},"excerpt":{"rendered":"<p>Nous adressons nos meilleurs v\u0153ux 2026 de sant\u00e9, de bonheur pour chacune et chacun et pour le monde, des v\u0153ux de Paix et de Justice sociale. Avec une actualit\u00e9 difficile en cette rentr\u00e9e o\u00f9 les peuples sont en danger existentiel face aux politiques violentes des extr\u00eames droites : V\u00e9n\u00e9zu\u00e9liens, mais aussi Cubains qui sont menac\u00e9s, [&hellip;]<\/p>\n","protected":false},"author":4,"featured_media":0,"comment_status":"closed","ping_status":"open","sticky":false,"template":"","format":"standard","meta":{"saved_in_kubio":false,"footnotes":""},"categories":[1],"tags":[],"class_list":["post-3740","post","type-post","status-publish","format-standard","hentry","category-non-classe"],"_links":{"self":[{"href":"https:\/\/pcf08.com\/index.php\/wp-json\/wp\/v2\/posts\/3740","targetHints":{"allow":["GET"]}}],"collection":[{"href":"https:\/\/pcf08.com\/index.php\/wp-json\/wp\/v2\/posts"}],"about":[{"href":"https:\/\/pcf08.com\/index.php\/wp-json\/wp\/v2\/types\/post"}],"author":[{"embeddable":true,"href":"https:\/\/pcf08.com\/index.php\/wp-json\/wp\/v2\/users\/4"}],"replies":[{"embeddable":true,"href":"https:\/\/pcf08.com\/index.php\/wp-json\/wp\/v2\/comments?post=3740"}],"version-history":[{"count":1,"href":"https:\/\/pcf08.com\/index.php\/wp-json\/wp\/v2\/posts\/3740\/revisions"}],"predecessor-version":[{"id":3742,"href":"https:\/\/pcf08.com\/index.php\/wp-json\/wp\/v2\/posts\/3740\/revisions\/3742"}],"wp:attachment":[{"href":"https:\/\/pcf08.com\/index.php\/wp-json\/wp\/v2\/media?parent=3740"}],"wp:term":[{"taxonomy":"category","embeddable":true,"href":"https:\/\/pcf08.com\/index.php\/wp-json\/wp\/v2\/categories?post=3740"},{"taxonomy":"post_tag","embeddable":true,"href":"https:\/\/pcf08.com\/index.php\/wp-json\/wp\/v2\/tags?post=3740"}],"curies":[{"name":"wp","href":"https:\/\/api.w.org\/{rel}","templated":true}]}}