{"id":3737,"date":"2026-01-15T08:57:13","date_gmt":"2026-01-15T07:57:13","guid":{"rendered":"https:\/\/pcf08.com\/?p=3737"},"modified":"2026-01-15T08:57:13","modified_gmt":"2026-01-15T07:57:13","slug":"mercosur-mensonge-et-danger","status":"publish","type":"post","link":"https:\/\/pcf08.com\/index.php\/2026\/01\/15\/mercosur-mensonge-et-danger\/","title":{"rendered":"MERCOSUR\u00a0: MENSONGE et DANGER\u00a0"},"content":{"rendered":"<p align=\"justify\"><span style=\"font-family: Calibri, sans-serif;\"><span style=\"font-size: medium;\"><img loading=\"lazy\" decoding=\"async\" class=\"size-medium wp-image-3738 alignleft\" src=\"https:\/\/pcf08.com\/wp-content\/uploads\/2026\/01\/Mercosur-300x225.jpg\" alt=\"\" width=\"300\" height=\"225\" srcset=\"https:\/\/pcf08.com\/wp-content\/uploads\/2026\/01\/Mercosur-300x225.jpg 300w, https:\/\/pcf08.com\/wp-content\/uploads\/2026\/01\/Mercosur-768x576.jpg 768w, https:\/\/pcf08.com\/wp-content\/uploads\/2026\/01\/Mercosur.jpg 1024w\" sizes=\"(max-width: 300px) 100vw, 300px\" \/>Les mouvements sociaux se multiplient en ce d\u00e9but d\u2019ann\u00e9e, le mouvement des agriculteurs en est un des principaux.<\/span><\/span><\/p>\n<p align=\"justify\"><span style=\"font-family: Calibri, sans-serif;\"><span style=\"font-size: medium;\">L\u2019accord de libre-\u00e9change Mercosur <\/span><span style=\"font-size: medium;\">qui sera <\/span><span style=\"font-size: medium;\">sign\u00e9 <\/span><span style=\"font-size: medium;\">le 17 janvier 2026 <\/span><span style=\"font-size: medium;\"> a raviv\u00e9 le sentiment d\u2019incompr\u00e9hension et de col\u00e8re des agriculteurs fran\u00e7ais mais aussi d\u2019autre<\/span><span style=\"font-size: medium;\">s<\/span><span style=\"font-size: medium;\"> europ\u00e9ens (belges, irlandais\u2026).<\/span><\/span><\/p>\n<p align=\"justify\"><span style=\"font-family: Calibri, sans-serif;\"><span style=\"font-size: medium;\">Malgr\u00e9 l\u2019opposition timide de plusieurs gouvernements europ\u00e9ens et la prise de position tr\u00e8s tardive d\u2019Emmanuel MACRON et de sa ministre de l\u2019agriculture Annie GENEVARD, l\u2019accord du Mercosur <\/span><span style=\"font-size: medium;\">sera bien sign\u00e9 le 17 janvier<\/span><span style=\"font-size: medium;\">. Cette <\/span><span style=\"font-size: medium;\">prochaine <\/span><span style=\"font-size: medium;\">signature <\/span><span style=\"font-size: medium;\">a<\/span><span style=\"font-size: medium;\"> \u00e9t\u00e9 largement facilit\u00e9e par l\u2019approbation du gouvernement d\u2019extr\u00eame droite italien dont le RN partage largement les valeurs.<\/span><\/span><\/p>\n<p align=\"justify\"><a name=\"_GoBack1\"><\/a> <span style=\"font-family: Calibri, sans-serif;\"><span style=\"font-size: medium;\">Les agriculteurs et le Parti Communiste Fran\u00e7ais (PCF) ne sont pas dupes de cette r\u00e9action trop tardive de la France face aux dangers que porte cet accord de libre-\u00e9change. Le PCF d\u00e9nonce et conteste ces d\u00e9clarations et position de circonstances.<\/span><\/span><\/p>\n<p align=\"justify\"><span style=\"font-family: Calibri, sans-serif;\"><span style=\"font-size: medium;\">E. Macron et ses gouvernements successifs auraient pu, d\u00fb s\u2019employer plus t\u00f4t \u00e0 construire une minorit\u00e9 de blocage au niveau europ\u00e9en pour mettre en \u00e9chec la ratification de cet accord mortif\u00e8re.<\/span><\/span><\/p>\n<p align=\"justify\"><span style=\"font-family: Calibri, sans-serif;\"><span style=\"font-size: medium;\">Une fois de plus ce sont nos producteurs de viande bovine, betteraves sucri\u00e8res, volailles et miel qui paient et subissent les pots cass\u00e9s de cette mondialisation d\u00e9brid\u00e9e du capitalisme, dont le pr\u00e9sident de la FNSEA est un des membres actifs.<\/span><\/span><\/p>\n<p align=\"justify\"><span style=\"font-family: Calibri, sans-serif;\"><span style=\"font-size: medium;\">Pour les militants communistes tout comme beaucoup d\u2019agriculteurs, d\u00e9fendre l\u2019agriculture fran\u00e7aise, c\u2019est d\u00e9fendre une alimentation de qualit\u00e9, des territoires vivants et un avenir durable, accompagn\u00e9s par un service public de la tra\u00e7abilit\u00e9 et de contr\u00f4le de la qualit\u00e9 de tous les produits agricoles, dot\u00e9 de v\u00e9ritables moyens.<\/span><\/span><\/p>\n<p align=\"right\"><span style=\"font-family: Calibri, sans-serif;\"><span style=\"font-size: medium;\">Patrick LATTUADA<\/span><\/span><\/p>\n","protected":false},"excerpt":{"rendered":"<p>Les mouvements sociaux se multiplient en ce d\u00e9but d\u2019ann\u00e9e, le mouvement des agriculteurs en est un des principaux. L\u2019accord de libre-\u00e9change Mercosur qui sera sign\u00e9 le 17 janvier 2026 a raviv\u00e9 le sentiment d\u2019incompr\u00e9hension et de col\u00e8re des agriculteurs fran\u00e7ais mais aussi d\u2019autres europ\u00e9ens (belges, irlandais\u2026). Malgr\u00e9 l\u2019opposition timide de plusieurs gouvernements europ\u00e9ens et la [&hellip;]<\/p>\n","protected":false},"author":4,"featured_media":0,"comment_status":"closed","ping_status":"open","sticky":false,"template":"","format":"standard","meta":{"saved_in_kubio":false,"footnotes":""},"categories":[1],"tags":[],"class_list":["post-3737","post","type-post","status-publish","format-standard","hentry","category-non-classe"],"_links":{"self":[{"href":"https:\/\/pcf08.com\/index.php\/wp-json\/wp\/v2\/posts\/3737","targetHints":{"allow":["GET"]}}],"collection":[{"href":"https:\/\/pcf08.com\/index.php\/wp-json\/wp\/v2\/posts"}],"about":[{"href":"https:\/\/pcf08.com\/index.php\/wp-json\/wp\/v2\/types\/post"}],"author":[{"embeddable":true,"href":"https:\/\/pcf08.com\/index.php\/wp-json\/wp\/v2\/users\/4"}],"replies":[{"embeddable":true,"href":"https:\/\/pcf08.com\/index.php\/wp-json\/wp\/v2\/comments?post=3737"}],"version-history":[{"count":1,"href":"https:\/\/pcf08.com\/index.php\/wp-json\/wp\/v2\/posts\/3737\/revisions"}],"predecessor-version":[{"id":3739,"href":"https:\/\/pcf08.com\/index.php\/wp-json\/wp\/v2\/posts\/3737\/revisions\/3739"}],"wp:attachment":[{"href":"https:\/\/pcf08.com\/index.php\/wp-json\/wp\/v2\/media?parent=3737"}],"wp:term":[{"taxonomy":"category","embeddable":true,"href":"https:\/\/pcf08.com\/index.php\/wp-json\/wp\/v2\/categories?post=3737"},{"taxonomy":"post_tag","embeddable":true,"href":"https:\/\/pcf08.com\/index.php\/wp-json\/wp\/v2\/tags?post=3737"}],"curies":[{"name":"wp","href":"https:\/\/api.w.org\/{rel}","templated":true}]}}