{"id":3734,"date":"2026-01-15T08:56:14","date_gmt":"2026-01-15T07:56:14","guid":{"rendered":"https:\/\/pcf08.com\/?p=3734"},"modified":"2026-01-15T08:56:14","modified_gmt":"2026-01-15T07:56:14","slug":"limperialisme-cest-la-guerre","status":"publish","type":"post","link":"https:\/\/pcf08.com\/index.php\/2026\/01\/15\/limperialisme-cest-la-guerre\/","title":{"rendered":"L\u2019IMP\u00c9RIALISME c\u2019est la GUERRE"},"content":{"rendered":"<p align=\"justify\"><span style=\"font-family: Calibri, sans-serif;\"><span style=\"font-size: medium;\"><img loading=\"lazy\" decoding=\"async\" class=\"size-medium wp-image-3735 alignleft\" src=\"https:\/\/pcf08.com\/wp-content\/uploads\/2026\/01\/Limperialisme-240x300.jpg\" alt=\"\" width=\"240\" height=\"300\" srcset=\"https:\/\/pcf08.com\/wp-content\/uploads\/2026\/01\/Limperialisme-240x300.jpg 240w, https:\/\/pcf08.com\/wp-content\/uploads\/2026\/01\/Limperialisme-819x1024.jpg 819w, https:\/\/pcf08.com\/wp-content\/uploads\/2026\/01\/Limperialisme-768x960.jpg 768w, https:\/\/pcf08.com\/wp-content\/uploads\/2026\/01\/Limperialisme.jpg 1080w\" sizes=\"(max-width: 240px) 100vw, 240px\" \/>Apr\u00e8s l\u2019offensive meurtri\u00e8re des \u00c9tats -Unis et l\u2019enl\u00e8vement du pr\u00e9sident Nicolas MADURO et de sa compagne Lilia FLORES au Venezuela le Parti Communiste Fran\u00e7ais s\u2019est clairement exprim\u00e9. <\/span><\/span><\/p>\n<p align=\"justify\"><span style=\"font-family: Calibri, sans-serif;\"><span style=\"font-size: medium;\">\u00ab\u00a0Nous ne soutenons pas un gouvernement, nous d\u00e9non\u00e7ons le non-respect du droit international et de la Chartes des Nations <\/span><span style=\"font-size: medium;\">u<\/span><span style=\"font-size: medium;\">nies\u00a0\u00bb\u00a0!<\/span><\/span><\/p>\n<p align=\"justify\"><span style=\"font-family: Calibri, sans-serif;\"><span style=\"font-size: medium;\">De par la politique qu\u2019il m\u00e8ne, au nom d\u2019une \u2018\u2019pseudo libert\u00e9\u2019\u2019 et de lutte contre le narco trafic TRUMP met en grave danger la Paix mondiale.<\/span><\/span><\/p>\n<p align=\"justify\"><span style=\"font-family: Calibri, sans-serif;\"><span style=\"font-size: medium;\">On ne <\/span><span style=\"font-size: medium;\">conna\u00eet<\/span><span style=\"font-size: medium;\"> pas de pays o\u00f9 la pr\u00e9sence des USA a aid\u00e9 la d\u00e9mocratie et d\u00e9velopp\u00e9 la richesse locale\u00a0!<\/span><\/span><\/p>\n<p align=\"justify\"><span style=\"font-family: Calibri, sans-serif;\"><span style=\"font-size: medium;\">Le discours qu\u2019il porte depuis l\u2019intervention du Venezuela est aussi irresponsable que dangereux. On devine clairement que ses intentions belliqueuses envers les pays d\u2019Am\u00e9rique du Sud (Colombie, Mexique\u2026) mais aussi de Cuba et du Groenland ont pour unique but de d\u00e9tourner leurs ressources (p\u00e9trole, gaz\u2026) afin d\u2019installer et d\u2019agrandir l\u2019imp\u00e9rialisme \u00e9conomique sur lequel repose sa politique ultra lib\u00e9rale avec ses racines fascisantes.<\/span><\/span><\/p>\n<p align=\"justify\"><span style=\"font-family: Calibri, sans-serif;\"><span style=\"font-size: medium;\">La r\u00e9action d\u2019Emmanuel MACRON et de son gouvernement se rangeant derri\u00e8re la strat\u00e9gie \u00e9tats-unienne du changement de r\u00e9gime bienfaiteur au Venezuela engage notre pays dans une logique de domination et de vassalisation politique qui renie la souverainet\u00e9 populaire du peuple fran\u00e7ais. <\/span><\/span><\/p>\n<p align=\"right\"><span style=\"font-family: Calibri, sans-serif;\"><span style=\"font-size: medium;\">Patrick LATTUADA<\/span><\/span><\/p>\n","protected":false},"excerpt":{"rendered":"<p>Apr\u00e8s l\u2019offensive meurtri\u00e8re des \u00c9tats -Unis et l\u2019enl\u00e8vement du pr\u00e9sident Nicolas MADURO et de sa compagne Lilia FLORES au Venezuela le Parti Communiste Fran\u00e7ais s\u2019est clairement exprim\u00e9. \u00ab\u00a0Nous ne soutenons pas un gouvernement, nous d\u00e9non\u00e7ons le non-respect du droit international et de la Chartes des Nations unies\u00a0\u00bb\u00a0! De par la politique qu\u2019il m\u00e8ne, au nom [&hellip;]<\/p>\n","protected":false},"author":4,"featured_media":0,"comment_status":"closed","ping_status":"open","sticky":false,"template":"","format":"standard","meta":{"saved_in_kubio":false,"footnotes":""},"categories":[1],"tags":[],"class_list":["post-3734","post","type-post","status-publish","format-standard","hentry","category-non-classe"],"_links":{"self":[{"href":"https:\/\/pcf08.com\/index.php\/wp-json\/wp\/v2\/posts\/3734","targetHints":{"allow":["GET"]}}],"collection":[{"href":"https:\/\/pcf08.com\/index.php\/wp-json\/wp\/v2\/posts"}],"about":[{"href":"https:\/\/pcf08.com\/index.php\/wp-json\/wp\/v2\/types\/post"}],"author":[{"embeddable":true,"href":"https:\/\/pcf08.com\/index.php\/wp-json\/wp\/v2\/users\/4"}],"replies":[{"embeddable":true,"href":"https:\/\/pcf08.com\/index.php\/wp-json\/wp\/v2\/comments?post=3734"}],"version-history":[{"count":1,"href":"https:\/\/pcf08.com\/index.php\/wp-json\/wp\/v2\/posts\/3734\/revisions"}],"predecessor-version":[{"id":3736,"href":"https:\/\/pcf08.com\/index.php\/wp-json\/wp\/v2\/posts\/3734\/revisions\/3736"}],"wp:attachment":[{"href":"https:\/\/pcf08.com\/index.php\/wp-json\/wp\/v2\/media?parent=3734"}],"wp:term":[{"taxonomy":"category","embeddable":true,"href":"https:\/\/pcf08.com\/index.php\/wp-json\/wp\/v2\/categories?post=3734"},{"taxonomy":"post_tag","embeddable":true,"href":"https:\/\/pcf08.com\/index.php\/wp-json\/wp\/v2\/tags?post=3734"}],"curies":[{"name":"wp","href":"https:\/\/api.w.org\/{rel}","templated":true}]}}