{"id":3731,"date":"2026-01-15T08:54:56","date_gmt":"2026-01-15T07:54:56","guid":{"rendered":"https:\/\/pcf08.com\/?p=3731"},"modified":"2026-01-15T08:54:56","modified_gmt":"2026-01-15T07:54:56","slug":"industries-et-climat-sont-ils-compatibles","status":"publish","type":"post","link":"https:\/\/pcf08.com\/index.php\/2026\/01\/15\/industries-et-climat-sont-ils-compatibles\/","title":{"rendered":"Industries et climat sont-ils compatibles ?"},"content":{"rendered":"<p align=\"justify\"><span style=\"color: #444444;\"><span style=\"font-family: Calibri, sans-serif;\"><span style=\"font-size: medium;\"><img loading=\"lazy\" decoding=\"async\" class=\"size-full wp-image-3732 alignleft\" src=\"https:\/\/pcf08.com\/wp-content\/uploads\/2026\/01\/telechargement.jpg\" alt=\"\" width=\"275\" height=\"183\" srcset=\"https:\/\/pcf08.com\/wp-content\/uploads\/2026\/01\/telechargement.jpg 275w, https:\/\/pcf08.com\/wp-content\/uploads\/2026\/01\/telechargement-272x182.jpg 272w\" sizes=\"(max-width: 275px) 100vw, 275px\" \/>Notre<\/span><\/span><\/span><span style=\"color: #444444;\"><span style=\"font-family: Calibri, sans-serif;\"><span style=\"font-size: medium;\"> d\u00e9partement vient d\u2019\u00eatre confront\u00e9 \u00e0 une temp\u00eate. Un ph\u00e9nom\u00e8ne climatique de ce type ne s\u2019\u00e9tait pas produit depuis plusieurs d\u00e9cennies. <\/span><\/span><\/span><span style=\"color: #444444;\"><span style=\"font-family: Calibri, sans-serif;\"><span style=\"font-size: medium;\">Si on regarde de plus pr<\/span><\/span><\/span><span style=\"color: #444444;\"><span style=\"font-family: Calibri, sans-serif;\"><span style=\"font-size: medium;\">\u00e8<\/span><\/span><\/span><span style=\"color: #444444;\"><span style=\"font-family: Calibri, sans-serif;\"><span style=\"font-size: medium;\">s<\/span><\/span><\/span><span style=\"color: #444444;\"><span style=\"font-family: Calibri, sans-serif;\"><span style=\"font-size: medium;\"> les pr\u00e9visions de M\u00e9t\u00e9o France des vents tr\u00e8s forts ont ba<\/span><\/span><\/span><span style=\"color: #444444;\"><span style=\"font-family: Calibri, sans-serif;\"><span style=\"font-size: medium;\">lay\u00e9<\/span><\/span><\/span><span style=\"color: #444444;\"><span style=\"font-family: Calibri, sans-serif;\"><span style=\"font-size: medium;\"> la France. Cela a conduit les responsables, notamment le Pr\u00e9fet des Ardennes, <\/span><\/span><\/span><span style=\"color: #444444;\"><span style=\"font-family: Calibri, sans-serif;\"><span style=\"font-size: medium;\">\u00e0<\/span><\/span><\/span> <span style=\"color: #444444;\"><span style=\"font-family: Calibri, sans-serif;\"><span style=\"font-size: medium;\">plac<\/span><\/span><\/span><span style=\"color: #444444;\"><span style=\"font-family: Calibri, sans-serif;\"><span style=\"font-size: medium;\">er<\/span><\/span><\/span><span style=\"color: #444444;\"><span style=\"font-family: Calibri, sans-serif;\"><span style=\"font-size: medium;\"> notre d\u00e9partement comme \u00e9tant<\/span><\/span><\/span> <span style=\"color: #444444;\"><span style=\"font-family: Calibri, sans-serif;\"><span style=\"font-size: medium;\">\u00e0 risque <\/span><\/span><\/span><span style=\"color: #444444;\"><span style=\"font-family: Calibri, sans-serif;\"><span style=\"font-size: medium;\">climatiquement<\/span><\/span><\/span><span style=\"color: #444444;\"><span style=\"font-family: Calibri, sans-serif;\"><span style=\"font-size: medium;\"> . <\/span><\/span><\/span><\/p>\n<p align=\"justify\"><span style=\"color: #444444;\"><span style=\"font-family: Calibri, sans-serif;\"><span style=\"font-size: medium;\">Apr\u00e8s<\/span><\/span><\/span><span style=\"color: #444444;\"><span style=\"font-family: Calibri, sans-serif;\"><span style=\"font-size: medium;\"> le passage de cette <\/span><\/span><\/span><span style=\"color: #444444;\"><span style=\"font-family: Calibri, sans-serif;\"><span style=\"font-size: medium;\">temp\u00eate<\/span><\/span><\/span><span style=\"color: #444444;\"><span style=\"font-family: Calibri, sans-serif;\"><span style=\"font-size: medium;\"> il est venu le temps de s\u2019interroger sur les raisons de cette situation. Le <\/span><\/span><\/span><span style=\"color: #444444;\"><span style=\"font-family: Calibri, sans-serif;\"><span style=\"font-size: medium;\">r\u00e9chauffement<\/span><\/span><\/span><span style=\"color: #444444;\"><span style=\"font-family: Calibri, sans-serif;\"><span style=\"font-size: medium;\"> climatique est souvent le <\/span><\/span><\/span><span style=\"color: #444444;\"><span style=\"font-family: Calibri, sans-serif;\"><span style=\"font-size: medium;\">pr\u00e9texte<\/span><\/span><\/span><span style=\"color: #444444;\"><span style=\"font-family: Calibri, sans-serif;\"><span style=\"font-size: medium;\"> pour masquer d\u2019autres causes. Il est <\/span><\/span><\/span><span style=\"color: #444444;\"><span style=\"font-family: Calibri, sans-serif;\"><span style=\"font-size: medium;\">indispensable<\/span><\/span><\/span><span style=\"color: #444444;\"><span style=\"font-family: Calibri, sans-serif;\"><span style=\"font-size: medium;\"> de <\/span><\/span><\/span><span style=\"color: #444444;\"><span style=\"font-family: Calibri, sans-serif;\"><span style=\"font-size: medium;\">s\u2019interroger<\/span><\/span><\/span><span style=\"color: #444444;\"><span style=\"font-family: Calibri, sans-serif;\"><span style=\"font-size: medium;\"> sur nos pra<\/span><\/span><\/span><span style=\"color: #444444;\"><span style=\"font-family: Calibri, sans-serif;\"><span style=\"font-size: medium;\">t<\/span><\/span><\/span><span style=\"color: #444444;\"><span style=\"font-family: Calibri, sans-serif;\"><span style=\"font-size: medium;\">iques <\/span><\/span><\/span><span style=\"color: #444444;\"><span style=\"font-family: Calibri, sans-serif;\"><span style=\"font-size: medium;\">politiciennes<\/span><\/span><\/span><span style=\"color: #444444;\"><span style=\"font-family: Calibri, sans-serif;\"><span style=\"font-size: medium;\"> qui engen<\/span><\/span><\/span><span style=\"color: #444444;\"><span style=\"font-family: Calibri, sans-serif;\"><span style=\"font-size: medium;\">dr<\/span><\/span><\/span><span style=\"color: #444444;\"><span style=\"font-family: Calibri, sans-serif;\"><span style=\"font-size: medium;\">ent <\/span><\/span><\/span><span style=\"color: #444444;\"><span style=\"font-family: Calibri, sans-serif;\"><span style=\"font-size: medium;\">un changement climatique. Les Ardennes ne sont pas habitu\u00e9es \u00e0 \u00eatre plac\u00e9es comme danger potentiel sur la d\u00e9gradation du climat. Depuis la casse industrielle qui nous <\/span><\/span><\/span><span style=\"color: #444444;\"><span style=\"font-family: Calibri, sans-serif;\"><span style=\"font-size: medium;\">inqui\u00e8te<\/span><\/span><\/span><span style=\"color: #444444;\"><span style=\"font-family: Calibri, sans-serif;\"><span style=\"font-size: medium;\"> tou<\/span><\/span><\/span><span style=\"color: #444444;\"><span style=\"font-family: Calibri, sans-serif;\"><span style=\"font-size: medium;\">s<\/span><\/span><\/span><span style=\"color: #444444;\"><span style=\"font-family: Calibri, sans-serif;\"><span style=\"font-size: medium;\"> ces <\/span><\/span><\/span><span style=\"color: #444444;\"><span style=\"font-family: Calibri, sans-serif;\"><span style=\"font-size: medium;\">derni\u00e8res<\/span><\/span><\/span><span style=\"color: #444444;\"><span style=\"font-family: Calibri, sans-serif;\"><span style=\"font-size: medium;\"> d\u00e9cennie<\/span><\/span><\/span><span style=\"color: #444444;\"><span style=\"font-family: Calibri, sans-serif;\"><span style=\"font-size: medium;\">s<\/span><\/span><\/span><span style=\"color: #444444;\"><span style=\"font-family: Calibri, sans-serif;\"><span style=\"font-size: medium;\">, notre d\u00e9partement est class\u00e9 comme \u00ab\u00a0vert\u00a0\u00bb. <\/span><\/span><\/span><span style=\"color: #444444;\"><span style=\"font-family: Calibri, sans-serif;\"><span style=\"font-size: medium;\">32% de notre territoire est bois\u00e9. <\/span><\/span><\/span><span style=\"color: #444444;\"><span style=\"font-family: Calibri, sans-serif;\"><span style=\"font-size: medium;\">Cette superficie foresti\u00e8re non n\u00e9gligeable <\/span><\/span><\/span><span style=\"color: #444444;\"><span style=\"font-family: Calibri, sans-serif;\"><span style=\"font-size: medium;\">contribue \u00e0<\/span><\/span><\/span><span style=\"color: #444444;\"><span style=\"font-family: Calibri, sans-serif;\"><span style=\"font-size: medium;\"> constitue<\/span><\/span><\/span><span style=\"color: #444444;\"><span style=\"font-family: Calibri, sans-serif;\"><span style=\"font-size: medium;\">r<\/span><\/span><\/span><span style=\"color: #444444;\"><span style=\"font-family: Calibri, sans-serif;\"><span style=\"font-size: medium;\"> des milieux essentiels pour la pr\u00e9servation des habitats naturels. <\/span><\/span><\/span><\/p>\n<p align=\"justify\"><span style=\"color: #444444;\"><span style=\"font-family: Calibri, sans-serif;\"><span style=\"font-size: medium;\">Industries et climat sont-ils incompatibles\u00a0? <\/span><\/span><\/span><span style=\"color: #444444;\"><span style=\"font-family: Calibri, sans-serif;\"><span style=\"font-size: medium;\">A<\/span><\/span><\/span><span style=\"color: #444444;\"><span style=\"font-family: Calibri, sans-serif;\"><span style=\"font-size: medium;\"> de multiples occasions <\/span><\/span><\/span><span style=\"color: #444444;\"><span style=\"font-family: Calibri, sans-serif;\"><span style=\"font-size: medium;\">l<\/span><\/span><\/span><span style=\"color: #444444;\"><span style=\"font-family: Calibri, sans-serif;\"><span style=\"font-size: medium;\">a preuve a \u00e9t\u00e9 <\/span><\/span><\/span><span style=\"color: #444444;\"><span style=\"font-family: Calibri, sans-serif;\"><span style=\"font-size: medium;\">faite<\/span><\/span><\/span><span style=\"color: #444444;\"><span style=\"font-family: Calibri, sans-serif;\"><span style=\"font-size: medium;\"> que <\/span><\/span><\/span><span style=\"color: #444444;\"><span style=\"font-family: Calibri, sans-serif;\"><span style=\"font-size: medium;\">lorsque l\u2019on<\/span><\/span><\/span><span style=\"color: #444444;\"><span style=\"font-family: Calibri, sans-serif;\"><span style=\"font-size: medium;\"> traite les rejets industriels cela est possible.<\/span><\/span><\/span><\/p>\n<p align=\"right\"><span style=\"color: #444444;\"><span style=\"font-family: Calibri, sans-serif;\"><span style=\"font-size: medium;\">Sylvain DALLA ROSA<\/span><\/span><\/span><\/p>\n","protected":false},"excerpt":{"rendered":"<p>Notre d\u00e9partement vient d\u2019\u00eatre confront\u00e9 \u00e0 une temp\u00eate. Un ph\u00e9nom\u00e8ne climatique de ce type ne s\u2019\u00e9tait pas produit depuis plusieurs d\u00e9cennies. Si on regarde de plus pr\u00e8s les pr\u00e9visions de M\u00e9t\u00e9o France des vents tr\u00e8s forts ont balay\u00e9 la France. Cela a conduit les responsables, notamment le Pr\u00e9fet des Ardennes, \u00e0 placer notre d\u00e9partement comme [&hellip;]<\/p>\n","protected":false},"author":4,"featured_media":0,"comment_status":"closed","ping_status":"open","sticky":false,"template":"","format":"standard","meta":{"saved_in_kubio":false,"footnotes":""},"categories":[1],"tags":[],"class_list":["post-3731","post","type-post","status-publish","format-standard","hentry","category-non-classe"],"_links":{"self":[{"href":"https:\/\/pcf08.com\/index.php\/wp-json\/wp\/v2\/posts\/3731","targetHints":{"allow":["GET"]}}],"collection":[{"href":"https:\/\/pcf08.com\/index.php\/wp-json\/wp\/v2\/posts"}],"about":[{"href":"https:\/\/pcf08.com\/index.php\/wp-json\/wp\/v2\/types\/post"}],"author":[{"embeddable":true,"href":"https:\/\/pcf08.com\/index.php\/wp-json\/wp\/v2\/users\/4"}],"replies":[{"embeddable":true,"href":"https:\/\/pcf08.com\/index.php\/wp-json\/wp\/v2\/comments?post=3731"}],"version-history":[{"count":1,"href":"https:\/\/pcf08.com\/index.php\/wp-json\/wp\/v2\/posts\/3731\/revisions"}],"predecessor-version":[{"id":3733,"href":"https:\/\/pcf08.com\/index.php\/wp-json\/wp\/v2\/posts\/3731\/revisions\/3733"}],"wp:attachment":[{"href":"https:\/\/pcf08.com\/index.php\/wp-json\/wp\/v2\/media?parent=3731"}],"wp:term":[{"taxonomy":"category","embeddable":true,"href":"https:\/\/pcf08.com\/index.php\/wp-json\/wp\/v2\/categories?post=3731"},{"taxonomy":"post_tag","embeddable":true,"href":"https:\/\/pcf08.com\/index.php\/wp-json\/wp\/v2\/tags?post=3731"}],"curies":[{"name":"wp","href":"https:\/\/api.w.org\/{rel}","templated":true}]}}