{"id":373,"date":"2020-09-04T13:38:19","date_gmt":"2020-09-04T11:38:19","guid":{"rendered":"http:\/\/pcf08.com\/?p=373"},"modified":"2020-09-04T13:38:19","modified_gmt":"2020-09-04T11:38:19","slug":"lettre-de-sylvain-dalla-rosa-conseiller-municipal-au-president-du-conseil-departemental","status":"publish","type":"post","link":"https:\/\/pcf08.com\/index.php\/2020\/09\/04\/lettre-de-sylvain-dalla-rosa-conseiller-municipal-au-president-du-conseil-departemental\/","title":{"rendered":"Lettre de Sylvain DALLA ROSA, Conseiller municipal,  au Pr\u00e9sident du Conseil D\u00e9partemental"},"content":{"rendered":"<p><img loading=\"lazy\" decoding=\"async\" class=\"size-medium wp-image-375 alignleft\" src=\"https:\/\/pcf08.com\/wp-content\/uploads\/2020\/09\/RSA-300x150.jpg\" alt=\"\" width=\"300\" height=\"150\" \/>\u00ab\u00a0Monsieur le Pr\u00e9sident,<\/p>\n<p>Lorsqu\u2019on \u00e9voque le budget du Conseil d\u00e9partemental, le montant de la politique sociale est probablement la d\u00e9pense la plus \u00e9lev\u00e9e. Cette solidarit\u00e9 \u00e0 l\u2019\u00e9gard des plus d\u00e9munis est l\u00e9gitime. C\u2019est particuli\u00e8rement vrai pour le financement du Revenu de solidarit\u00e9 active (RSA). Vous avez annonc\u00e9, pour 2020, une provision financi\u00e8re de pr\u00e8s de 63 millions d\u2019euros pour financer cette prestation aux allocataires ardennais. Or, selon vos propos (le 03\/\/12\/2019), seulement 60% de cette somme est compens\u00e9e par l\u2019\u00c9tat. Celui-ci a, en 2004, transf\u00e9r\u00e9 la distribution de cette prestation aux d\u00e9partements avec l\u2019engagement de financer \u00e0 l\u2019euro le montant du RSA. Comme il est malheureusement de coutume cette promesse n\u2019a pas \u00e9t\u00e9 tenue.<\/p>\n<p>Trois conseils d\u00e9partementaux dans la m\u00eame situation ont poursuivi l\u2019\u00c9tat au Tribunal administratif. Celui-ci vient (le 29 juin dernier) de donner raison aux \u00e9lus de ces d\u00e9partements et l\u2019\u00c9tat vient d\u2019\u00eatre condamn\u00e9 \u00e0 verser au total 87 millions aux trois d\u00e9partements correspondant \u00e0 la hausse du RSA entre 2013 et 2017. D\u2019ores et d\u00e9j\u00e0 plusieurs autres d\u00e9partements envisagent de saisir \u00e0 leur tour le Tribunal administratif. Je sugg\u00e8re que vous en fassiez autant pour le d\u00e9partement des Ardennes.<\/p>\n<p>Souhaitant que vous preniez en compte cette proposition.\u00a0\u00bb<\/p>\n","protected":false},"excerpt":{"rendered":"<p>\u00ab\u00a0Monsieur le Pr\u00e9sident, Lorsqu\u2019on \u00e9voque le budget du Conseil d\u00e9partemental, le montant de la politique sociale est probablement la d\u00e9pense la plus \u00e9lev\u00e9e. Cette solidarit\u00e9 \u00e0 l\u2019\u00e9gard des plus d\u00e9munis est l\u00e9gitime. C\u2019est particuli\u00e8rement vrai pour le financement du Revenu de solidarit\u00e9 active (RSA). Vous avez annonc\u00e9, pour 2020, une provision financi\u00e8re de pr\u00e8s de [&hellip;]<\/p>\n","protected":false},"author":4,"featured_media":0,"comment_status":"closed","ping_status":"open","sticky":false,"template":"","format":"standard","meta":{"saved_in_kubio":false,"footnotes":""},"categories":[1],"tags":[],"class_list":["post-373","post","type-post","status-publish","format-standard","hentry","category-non-classe"],"_links":{"self":[{"href":"https:\/\/pcf08.com\/index.php\/wp-json\/wp\/v2\/posts\/373","targetHints":{"allow":["GET"]}}],"collection":[{"href":"https:\/\/pcf08.com\/index.php\/wp-json\/wp\/v2\/posts"}],"about":[{"href":"https:\/\/pcf08.com\/index.php\/wp-json\/wp\/v2\/types\/post"}],"author":[{"embeddable":true,"href":"https:\/\/pcf08.com\/index.php\/wp-json\/wp\/v2\/users\/4"}],"replies":[{"embeddable":true,"href":"https:\/\/pcf08.com\/index.php\/wp-json\/wp\/v2\/comments?post=373"}],"version-history":[{"count":1,"href":"https:\/\/pcf08.com\/index.php\/wp-json\/wp\/v2\/posts\/373\/revisions"}],"predecessor-version":[{"id":376,"href":"https:\/\/pcf08.com\/index.php\/wp-json\/wp\/v2\/posts\/373\/revisions\/376"}],"wp:attachment":[{"href":"https:\/\/pcf08.com\/index.php\/wp-json\/wp\/v2\/media?parent=373"}],"wp:term":[{"taxonomy":"category","embeddable":true,"href":"https:\/\/pcf08.com\/index.php\/wp-json\/wp\/v2\/categories?post=373"},{"taxonomy":"post_tag","embeddable":true,"href":"https:\/\/pcf08.com\/index.php\/wp-json\/wp\/v2\/tags?post=373"}],"curies":[{"name":"wp","href":"https:\/\/api.w.org\/{rel}","templated":true}]}}