{"id":3717,"date":"2026-01-08T11:02:54","date_gmt":"2026-01-08T10:02:54","guid":{"rendered":"https:\/\/pcf08.com\/?p=3717"},"modified":"2026-01-08T11:02:54","modified_gmt":"2026-01-08T10:02:54","slug":"des-cadeaux-mais-a-qui","status":"publish","type":"post","link":"https:\/\/pcf08.com\/index.php\/2026\/01\/08\/des-cadeaux-mais-a-qui\/","title":{"rendered":"Des cadeaux mais \u00e0 qui\u00a0?"},"content":{"rendered":"<p align=\"justify\"><span style=\"font-family: Calibri, sans-serif;\"><img loading=\"lazy\" decoding=\"async\" class=\"size-medium wp-image-3718 alignleft\" src=\"https:\/\/pcf08.com\/wp-content\/uploads\/2026\/01\/Edito-coco-300x169.jpg\" alt=\"\" width=\"300\" height=\"169\" srcset=\"https:\/\/pcf08.com\/wp-content\/uploads\/2026\/01\/Edito-coco-300x169.jpg 300w, https:\/\/pcf08.com\/wp-content\/uploads\/2026\/01\/Edito-coco.jpg 600w\" sizes=\"(max-width: 300px) 100vw, 300px\" \/>Le ministre des PME, de l\u2019artisanat, du tourisme et du commerce s\u2019est f\u00e9licit\u00e9 de l\u2019augmentation de la consommation durant les f\u00eates de fin d\u2019ann\u00e9e mais \u00e0 quel prix\u00a0? 4 Fran\u00e7ais sur 10 s\u2019endettent pour financer ces d\u00e9penses ou contractent pour certains des cr\u00e9dits \u00e0 la consommation\u2026<\/span><\/p>\n<p align=\"justify\"><span style=\"font-family: Calibri, sans-serif;\">D\u2019autres, en majorit\u00e9 les grands groupes pour ne pas les citer, sont tr\u00e8s g\u00e9n\u00e9reux et font des \u00ab\u00a0cadeaux\u00a0\u00bb avec de l\u2019argent public donc l\u2019argent du contribuable, ce qu\u2019on appelle le m\u00e9c\u00e9nat.<\/span><\/p>\n<p align=\"justify\"><span style=\"font-family: Calibri, sans-serif;\">Ils font la une des plateaux t\u00e9l\u00e9 quand ils \u00ab\u00a0donnent\u00a0\u00bb\u00a0! Mais, depuis 2003 et la loi sur le m\u00e9c\u00e9nat, ils b\u00e9n\u00e9ficient d\u2019une exon\u00e9ration fiscale de 60\u00a0% \u00e0 la hauteur de leurs \u00ab\u00a0dons\u00a0\u00bb. C\u2019est le syst\u00e8me le plus g\u00e9n\u00e9reux de l\u2019OCDE\u00a0! Le co\u00fbt pour le contribuable\u00a0? 1,7 milliards en 2024\u00a0! En 2020, le l\u00e9gislateur a m\u00eame tent\u00e9 de \u00ab\u00a0corriger\u00a0\u00bb les plus gros abus en ramenant \u00e0 40\u00a0% l\u2019exemption fiscale pour toutes les donations sup\u00e9rieures \u00e0 2 millions d\u2019\u20ac\u00a0!<\/span><\/p>\n<p align=\"justify\"><span style=\"font-family: Calibri, sans-serif;\">Non seulement ce recours au m\u00e9c\u00e9nat co\u00fbte peu cher aux grands groupes mais il soigne aussi leur image de marque. En \u00e9change de leur \u00ab\u00a0g\u00e9n\u00e9rosit\u00e9\u00a0\u00bb, ils n\u00e9gocient des visites priv\u00e9es, des salles \u00e0 leur nom, des publicit\u00e9s dans des brochures etc&#8230;<\/span><\/p>\n<p align=\"justify\"><span style=\"font-family: Calibri, sans-serif;\">Ces multiples b\u00e9n\u00e9fices expliquent le grand succ\u00e8s de ce dispositif. Le gros des sommes d\u00e9pens\u00e9es se concentre dans les mains de grands groupes comme LVMH, TotalEnergies, L\u2019Or\u00e9al par exemple.<\/span><\/p>\n<p align=\"justify\"><span style=\"font-family: Calibri, sans-serif;\">Comme il s\u2019agit surtout de faire de la communication, les donations sont concentr\u00e9es sur des causes consensuelles\u00a0: grands mus\u00e9es, grandes \u00e9coles&#8230;<\/span><\/p>\n<p align=\"justify\"><span style=\"font-family: Calibri, sans-serif;\">Entre Bernard Arnault et le Louvre, d\u00eeners priv\u00e9s, d\u00e9fil\u00e9s de mode se multiplient en partie aux frais de l\u2019\u00c9tat et du mus\u00e9e. Entre 2018 et 2024, l\u2019\u00e9tablissement a pr\u00e9f\u00e9r\u00e9 achet\u00e9 de nouvelles \u0153uvres au d\u00e9triment de la r\u00e9novation des b\u00e2timents et de la s\u00e9curit\u00e9. On comprend mieux le casse qui a eu lieu le 19 octobre 2025\u00a0!\u2026Ces dons p\u00e8sent donc sur la libert\u00e9 d\u2019action des institutions qui en profitent.<\/span><\/p>\n<p align=\"justify\"><span style=\"font-family: Calibri, sans-serif;\">Quant \u00e0 l\u2019\u00c9tat, en 2018, la Cour des Comptes appelait les pouvoirs publics \u00e0 red\u00e9finir le cadre et les modalit\u00e9s du soutien au m\u00e9c\u00e9nat des entreprises car le constat a \u00e9t\u00e9 fait d\u2019une d\u00e9pense fiscale non pilot\u00e9e, mal \u00e9valu\u00e9e et pratiquement jamais contr\u00f4l\u00e9e\u2026<\/span><\/p>\n<p align=\"justify\"><span style=\"font-family: Calibri, sans-serif;\">Et pendant ce temps, les besoins des associations qui pallient de plus en plus \u00e0 des missions de service public et qui b\u00e9n\u00e9ficient \u00e0 toutes et tous ont vu leur financement diminu\u00e9 de fa\u00e7on drastique alors que les besoins sont \u00e9normes\u2026<\/span><\/p>\n<p align=\"justify\"><span style=\"font-family: Calibri, sans-serif;\">Le co\u00fbt du m\u00e9c\u00e9nat peut para\u00eetre une goutte d\u2019eau \u00e0 l\u2019heure actuelle mais ajout\u00e9 au scandale des 211 milliards d\u2019\u20ac d\u2019aides publiques vers\u00e9es aux entreprises d\u00e9nonc\u00e9 dans un rapport s\u00e9natorial, \u00e7a commence \u00e0 faire beaucoup quand le budget propos\u00e9 par le gouvernement ne s\u2019attaque majoritairement qu\u2019aux \u00ab\u00a0petites gens\u00bb!<\/span><\/p>\n<p align=\"justify\"><span style=\"font-family: Calibri, sans-serif;\">Comme le dit fort bien Fabien Gay, s\u00e9nateur communiste et rapporteur de la commission d\u2019enqu\u00eate, un contr\u00f4le, de la transparence et des conditionnalit\u00e9s \u00e0 l\u2019attribution de ces aides sont une exigence d\u00e9mocratique.<\/span><\/p>\n<p align=\"justify\"><span style=\"font-family: Calibri, sans-serif;\"> Corine POSTAL<\/span><\/p>\n","protected":false},"excerpt":{"rendered":"<p>Le ministre des PME, de l\u2019artisanat, du tourisme et du commerce s\u2019est f\u00e9licit\u00e9 de l\u2019augmentation de la consommation durant les f\u00eates de fin d\u2019ann\u00e9e mais \u00e0 quel prix\u00a0? 4 Fran\u00e7ais sur 10 s\u2019endettent pour financer ces d\u00e9penses ou contractent pour certains des cr\u00e9dits \u00e0 la consommation\u2026 D\u2019autres, en majorit\u00e9 les grands groupes pour ne pas [&hellip;]<\/p>\n","protected":false},"author":4,"featured_media":0,"comment_status":"closed","ping_status":"open","sticky":false,"template":"","format":"standard","meta":{"saved_in_kubio":false,"footnotes":""},"categories":[1],"tags":[],"class_list":["post-3717","post","type-post","status-publish","format-standard","hentry","category-non-classe"],"_links":{"self":[{"href":"https:\/\/pcf08.com\/index.php\/wp-json\/wp\/v2\/posts\/3717","targetHints":{"allow":["GET"]}}],"collection":[{"href":"https:\/\/pcf08.com\/index.php\/wp-json\/wp\/v2\/posts"}],"about":[{"href":"https:\/\/pcf08.com\/index.php\/wp-json\/wp\/v2\/types\/post"}],"author":[{"embeddable":true,"href":"https:\/\/pcf08.com\/index.php\/wp-json\/wp\/v2\/users\/4"}],"replies":[{"embeddable":true,"href":"https:\/\/pcf08.com\/index.php\/wp-json\/wp\/v2\/comments?post=3717"}],"version-history":[{"count":1,"href":"https:\/\/pcf08.com\/index.php\/wp-json\/wp\/v2\/posts\/3717\/revisions"}],"predecessor-version":[{"id":3719,"href":"https:\/\/pcf08.com\/index.php\/wp-json\/wp\/v2\/posts\/3717\/revisions\/3719"}],"wp:attachment":[{"href":"https:\/\/pcf08.com\/index.php\/wp-json\/wp\/v2\/media?parent=3717"}],"wp:term":[{"taxonomy":"category","embeddable":true,"href":"https:\/\/pcf08.com\/index.php\/wp-json\/wp\/v2\/categories?post=3717"},{"taxonomy":"post_tag","embeddable":true,"href":"https:\/\/pcf08.com\/index.php\/wp-json\/wp\/v2\/tags?post=3717"}],"curies":[{"name":"wp","href":"https:\/\/api.w.org\/{rel}","templated":true}]}}