{"id":3714,"date":"2026-01-08T11:01:41","date_gmt":"2026-01-08T10:01:41","guid":{"rendered":"https:\/\/pcf08.com\/?p=3714"},"modified":"2026-01-08T11:01:41","modified_gmt":"2026-01-08T10:01:41","slug":"voeux","status":"publish","type":"post","link":"https:\/\/pcf08.com\/index.php\/2026\/01\/08\/voeux\/","title":{"rendered":"V\u0153ux"},"content":{"rendered":"<p align=\"justify\"><span style=\"font-family: Calibri, sans-serif;\"><span style=\"font-size: medium;\"><img loading=\"lazy\" decoding=\"async\" class=\"alignnone size-medium wp-image-3715\" src=\"https:\/\/pcf08.com\/wp-content\/uploads\/2026\/01\/voeux-300x192.jpg\" alt=\"\" width=\"300\" height=\"192\" srcset=\"https:\/\/pcf08.com\/wp-content\/uploads\/2026\/01\/voeux-300x192.jpg 300w, https:\/\/pcf08.com\/wp-content\/uploads\/2026\/01\/voeux-768x493.jpg 768w, https:\/\/pcf08.com\/wp-content\/uploads\/2026\/01\/voeux.jpg 934w\" sizes=\"(max-width: 300px) 100vw, 300px\" \/>La f\u00e9d\u00e9ration des Ardennes du PCF et sa section de Charleville-M\u00e9zi\u00e8res pr\u00e9senteront leurs v\u0153ux le vendredi 16 janvier \u00e0 18 h et vous invitent \u00e0 cette occasion \u00e0 partager la galette r\u00e9publicaine.<\/span><\/span><\/p>\n","protected":false},"excerpt":{"rendered":"<p>La f\u00e9d\u00e9ration des Ardennes du PCF et sa section de Charleville-M\u00e9zi\u00e8res pr\u00e9senteront leurs v\u0153ux le vendredi 16 janvier \u00e0 18 h et vous invitent \u00e0 cette occasion \u00e0 partager la galette r\u00e9publicaine.<\/p>\n","protected":false},"author":4,"featured_media":0,"comment_status":"closed","ping_status":"open","sticky":false,"template":"","format":"standard","meta":{"saved_in_kubio":false,"footnotes":""},"categories":[1],"tags":[],"class_list":["post-3714","post","type-post","status-publish","format-standard","hentry","category-non-classe"],"_links":{"self":[{"href":"https:\/\/pcf08.com\/index.php\/wp-json\/wp\/v2\/posts\/3714","targetHints":{"allow":["GET"]}}],"collection":[{"href":"https:\/\/pcf08.com\/index.php\/wp-json\/wp\/v2\/posts"}],"about":[{"href":"https:\/\/pcf08.com\/index.php\/wp-json\/wp\/v2\/types\/post"}],"author":[{"embeddable":true,"href":"https:\/\/pcf08.com\/index.php\/wp-json\/wp\/v2\/users\/4"}],"replies":[{"embeddable":true,"href":"https:\/\/pcf08.com\/index.php\/wp-json\/wp\/v2\/comments?post=3714"}],"version-history":[{"count":1,"href":"https:\/\/pcf08.com\/index.php\/wp-json\/wp\/v2\/posts\/3714\/revisions"}],"predecessor-version":[{"id":3716,"href":"https:\/\/pcf08.com\/index.php\/wp-json\/wp\/v2\/posts\/3714\/revisions\/3716"}],"wp:attachment":[{"href":"https:\/\/pcf08.com\/index.php\/wp-json\/wp\/v2\/media?parent=3714"}],"wp:term":[{"taxonomy":"category","embeddable":true,"href":"https:\/\/pcf08.com\/index.php\/wp-json\/wp\/v2\/categories?post=3714"},{"taxonomy":"post_tag","embeddable":true,"href":"https:\/\/pcf08.com\/index.php\/wp-json\/wp\/v2\/tags?post=3714"}],"curies":[{"name":"wp","href":"https:\/\/api.w.org\/{rel}","templated":true}]}}