{"id":3711,"date":"2026-01-08T11:00:20","date_gmt":"2026-01-08T10:00:20","guid":{"rendered":"https:\/\/pcf08.com\/?p=3711"},"modified":"2026-01-08T11:00:20","modified_gmt":"2026-01-08T10:00:20","slug":"venezuela-trump-se-veut-maitre-du-monde","status":"publish","type":"post","link":"https:\/\/pcf08.com\/index.php\/2026\/01\/08\/venezuela-trump-se-veut-maitre-du-monde\/","title":{"rendered":"Venezuela\u00a0: Trump se veut ma\u00eetre du monde\u00a0!"},"content":{"rendered":"<p align=\"justify\"><span style=\"font-family: Calibri, sans-serif;\"><img loading=\"lazy\" decoding=\"async\" class=\"size-medium wp-image-3712 alignleft\" src=\"https:\/\/pcf08.com\/wp-content\/uploads\/2026\/01\/venezuela-234x300.jpg\" alt=\"\" width=\"234\" height=\"300\" srcset=\"https:\/\/pcf08.com\/wp-content\/uploads\/2026\/01\/venezuela-234x300.jpg 234w, https:\/\/pcf08.com\/wp-content\/uploads\/2026\/01\/venezuela-768x987.jpg 768w, https:\/\/pcf08.com\/wp-content\/uploads\/2026\/01\/venezuela.jpg 794w\" sizes=\"(max-width: 234px) 100vw, 234px\" \/>Pour la paix et la solidarit\u00e9 entre les peuples, 2026 a vraiment mal commenc\u00e9\u00a0! L\u2019enl\u00e8vement du pr\u00e9sident du Venezuela, Nicolas Maduro, par les forces arm\u00e9es \u00e9tasuniennes est une ing\u00e9rence inadmissible avec pour but d\u2019affirmer la supr\u00e9matie des \u00c9tats-Unis en Am\u00e9rique du Sud et de s\u2019emparer des puits p\u00e9troliers.<\/span><\/p>\n<p align=\"justify\"><span style=\"font-family: Calibri, sans-serif;\">Cette agression viole la souverainet\u00e9 d\u2019un \u00e9tat, pi\u00e9tine la charte des Nations Unies. C\u2019est aussi un aveu de faiblesse du capitalisme mondial en crise. Il s\u2019agit, en mettant la main sur les hydrocarbures v\u00e9n\u00e9zu\u00e9liens d\u2019inverser une baisse de r\u00e9gime du roi dollar. Le billet vert est devenu une monnaie commune mondiale de fait depuis 1971 et la proclamation de la fin de sa convertibilit\u00e9 en or impos\u00e9e par l\u2019administration Nixon. Ce qui l\u2019a transform\u00e9 en \u00ab valeur refuge \u00bb, permettant \u00e0 Washington de drainer l\u2019\u00e9pargne mondiale vers les \u00c9tats-Unis. Mais le syst\u00e8me donne des signes d\u2019essoufflement, d\u2019autant plus que la supr\u00e9matie du billet vert est contest\u00e9e ouvertement par les Brics (Br\u00e9sil, Russie, Inde, Chine et Afrique du Sud) et plus globalement par les pays dits du \u00ab Sud global \u00bb. Et par exemple, les ventes du p\u00e9trole v\u00e9n\u00e9zu\u00e9lien \u00e0 la Chine ne se faisaient plus en dollar\u00a0!<\/span><\/p>\n<p align=\"justify\"><span style=\"font-family: Calibri, sans-serif;\">Dans cette fuite en avant imp\u00e9rialiste, Trump menace la Colombie, le Mexique, Cuba, le Groenland\u00a0!<\/span><\/p>\n<p align=\"justify\"><span style=\"font-family: Calibri, sans-serif;\">La r\u00e9ponse mondiale doit \u00eatre \u00e0 la hauteur de la menace pour la paix et le d\u00e9veloppement\u00a0! Et pourtant, en Europe, seule l\u2019Espagne a critiqu\u00e9 cet odieux kidnapping. L\u2019alignement de la commission europ\u00e9enne et de la diplomatie fran\u00e7aise avec \u00e0 sa t\u00eate E. Macron sur l\u2019imp\u00e9rialisme \u00e9tasuniens n\u2019est pas tol\u00e9rable\u00a0!<\/span><\/p>\n<p align=\"justify\"><span style=\"font-family: Calibri, sans-serif;\">En se rangeant derri\u00e8re la strat\u00e9gie am\u00e9ricaine de changement de r\u00e9gime, Emmanuel Macron engage notre pays dans une logique de domination et de vassalisation politique qui nie la souverainet\u00e9 populaire qu\u2019il pr\u00e9tend d\u00e9fendre. Cette prise de position est du c\u00f4t\u00e9 de la force contre le droit, de l\u2019ing\u00e9rence contre la d\u00e9mocratie, et constitue une rupture grave avec toute ambition d\u2019ind\u00e9pendance diplomatique.<\/span><\/p>\n<p align=\"justify\"><span style=\"font-family: Calibri, sans-serif;\">Le PCF affirme sa solidarit\u00e9 avec le peuple v\u00e9n\u00e9zu\u00e9lien et tous les peuples menac\u00e9s par l\u2019imp\u00e9rialisme trumpiste, en particulier Cuba.<\/span><\/p>\n","protected":false},"excerpt":{"rendered":"<p>Pour la paix et la solidarit\u00e9 entre les peuples, 2026 a vraiment mal commenc\u00e9\u00a0! L\u2019enl\u00e8vement du pr\u00e9sident du Venezuela, Nicolas Maduro, par les forces arm\u00e9es \u00e9tasuniennes est une ing\u00e9rence inadmissible avec pour but d\u2019affirmer la supr\u00e9matie des \u00c9tats-Unis en Am\u00e9rique du Sud et de s\u2019emparer des puits p\u00e9troliers. Cette agression viole la souverainet\u00e9 d\u2019un \u00e9tat, [&hellip;]<\/p>\n","protected":false},"author":4,"featured_media":0,"comment_status":"closed","ping_status":"open","sticky":false,"template":"","format":"standard","meta":{"saved_in_kubio":false,"footnotes":""},"categories":[1],"tags":[],"class_list":["post-3711","post","type-post","status-publish","format-standard","hentry","category-non-classe"],"_links":{"self":[{"href":"https:\/\/pcf08.com\/index.php\/wp-json\/wp\/v2\/posts\/3711","targetHints":{"allow":["GET"]}}],"collection":[{"href":"https:\/\/pcf08.com\/index.php\/wp-json\/wp\/v2\/posts"}],"about":[{"href":"https:\/\/pcf08.com\/index.php\/wp-json\/wp\/v2\/types\/post"}],"author":[{"embeddable":true,"href":"https:\/\/pcf08.com\/index.php\/wp-json\/wp\/v2\/users\/4"}],"replies":[{"embeddable":true,"href":"https:\/\/pcf08.com\/index.php\/wp-json\/wp\/v2\/comments?post=3711"}],"version-history":[{"count":1,"href":"https:\/\/pcf08.com\/index.php\/wp-json\/wp\/v2\/posts\/3711\/revisions"}],"predecessor-version":[{"id":3713,"href":"https:\/\/pcf08.com\/index.php\/wp-json\/wp\/v2\/posts\/3711\/revisions\/3713"}],"wp:attachment":[{"href":"https:\/\/pcf08.com\/index.php\/wp-json\/wp\/v2\/media?parent=3711"}],"wp:term":[{"taxonomy":"category","embeddable":true,"href":"https:\/\/pcf08.com\/index.php\/wp-json\/wp\/v2\/categories?post=3711"},{"taxonomy":"post_tag","embeddable":true,"href":"https:\/\/pcf08.com\/index.php\/wp-json\/wp\/v2\/tags?post=3711"}],"curies":[{"name":"wp","href":"https:\/\/api.w.org\/{rel}","templated":true}]}}