{"id":3678,"date":"2025-12-04T08:53:00","date_gmt":"2025-12-04T07:53:00","guid":{"rendered":"https:\/\/pcf08.com\/?p=3678"},"modified":"2025-12-04T08:53:00","modified_gmt":"2025-12-04T07:53:00","slug":"debat-dorientation-budgetaire-a-charleville-mezieres","status":"publish","type":"post","link":"https:\/\/pcf08.com\/index.php\/2025\/12\/04\/debat-dorientation-budgetaire-a-charleville-mezieres\/","title":{"rendered":"D\u00e9bat d\u2019orientation budg\u00e9taire \u00e0 Charleville-M\u00e9zi\u00e8res"},"content":{"rendered":"<p align=\"justify\"><span style=\"font-family: Calibri, sans-serif;\"><span style=\"font-size: medium;\"><img loading=\"lazy\" decoding=\"async\" class=\"size-medium wp-image-3679 alignleft\" src=\"https:\/\/pcf08.com\/wp-content\/uploads\/2025\/12\/budget-cm-300x200.jpg\" alt=\"\" width=\"300\" height=\"200\" srcset=\"https:\/\/pcf08.com\/wp-content\/uploads\/2025\/12\/budget-cm-300x200.jpg 300w, https:\/\/pcf08.com\/wp-content\/uploads\/2025\/12\/budget-cm-272x182.jpg 272w, https:\/\/pcf08.com\/wp-content\/uploads\/2025\/12\/budget-cm.jpg 474w\" sizes=\"(max-width: 300px) 100vw, 300px\" \/>Sans le dire, le maire actuel pr\u00e9pare sa campagne pour les \u00e9lections municipales de 2026, \u00e0 coup de communication trompeuse \u00e0 l\u2019occasion du d\u00e9bat d\u2019orientation budg\u00e9taire.<\/span><\/span><\/p>\n<p align=\"justify\"><span style=\"font-family: Calibri, sans-serif;\"><span style=\"font-size: medium;\">Il pr\u00e9tend pr\u00e9server le pouvoir d\u2019achat des Carolomac\u00e9riens en prenant deux exemples. Le premier est le tarif du parking payant. Certes, le tarif n\u2019a pas augment\u00e9, mais le paiement a \u00e9t\u00e9 \u00e9tendu entre 12h et 14h et l\u2019apr\u00e8s midi a \u00e9t\u00e9 allong\u00e9e\u00a0!<\/span><\/span><\/p>\n<p align=\"justify\"><span style=\"font-family: Calibri, sans-serif;\"><span style=\"font-size: medium;\">Le deuxi\u00e8me concerne les imp\u00f4ts. Le taux des imp\u00f4ts locaux n\u2019a pas chang\u00e9. Pourtant ils ont augment\u00e9 en lien avec la revalorisation des bases par l\u2019\u00c9tat. Mais surtout, v\u00e9ritable hypocrisie, le taux d\u2019Ardenne M\u00e9tropole a augment\u00e9\u00a0! B. Ravignon en est le pr\u00e9sident et aux \u00e9lections municipales, les Carolomac\u00e9riens voteront aussi pour les membres du conseil communautaire\u00a0!<\/span><\/span><\/p>\n<p align=\"justify\"><span style=\"font-family: Calibri, sans-serif;\"><span style=\"font-size: medium;\">Il y aurait beaucoup d\u2019autres choses \u00e0 dire sur ce d\u00e9bat d\u2019orientations budg\u00e9taires. Juste deux remarques. Il se plaint des orientations gouvernementales restreignant les dotations aux collectivit\u00e9s. C\u2019est effectivement un v\u00e9ritable scandale. Mais son soutien au Pr\u00e9sident de la R\u00e9publique est public\u00a0! Quand \u00e0 son affirmation de faire de la s\u00e9curit\u00e9 une priorit\u00e9, on ne peut que la partager. Sauf qu\u2019il n\u2019est que dans le r\u00e9pressif alors que la pr\u00e9vention serait essentielle. Et il coupe les subventions aux associations culturelles et sportives qui ont pourtant un r\u00f4le primordial dans ce domaine.<\/span><\/span><\/p>\n<p align=\"right\"><span style=\"font-family: Calibri, sans-serif;\"><span style=\"font-size: medium;\">Mich\u00e8le LEFLON<\/span><\/span><\/p>\n","protected":false},"excerpt":{"rendered":"<p>Sans le dire, le maire actuel pr\u00e9pare sa campagne pour les \u00e9lections municipales de 2026, \u00e0 coup de communication trompeuse \u00e0 l\u2019occasion du d\u00e9bat d\u2019orientation budg\u00e9taire. Il pr\u00e9tend pr\u00e9server le pouvoir d\u2019achat des Carolomac\u00e9riens en prenant deux exemples. Le premier est le tarif du parking payant. Certes, le tarif n\u2019a pas augment\u00e9, mais le paiement [&hellip;]<\/p>\n","protected":false},"author":4,"featured_media":0,"comment_status":"closed","ping_status":"open","sticky":false,"template":"","format":"standard","meta":{"saved_in_kubio":false,"footnotes":""},"categories":[1],"tags":[],"class_list":["post-3678","post","type-post","status-publish","format-standard","hentry","category-non-classe"],"_links":{"self":[{"href":"https:\/\/pcf08.com\/index.php\/wp-json\/wp\/v2\/posts\/3678","targetHints":{"allow":["GET"]}}],"collection":[{"href":"https:\/\/pcf08.com\/index.php\/wp-json\/wp\/v2\/posts"}],"about":[{"href":"https:\/\/pcf08.com\/index.php\/wp-json\/wp\/v2\/types\/post"}],"author":[{"embeddable":true,"href":"https:\/\/pcf08.com\/index.php\/wp-json\/wp\/v2\/users\/4"}],"replies":[{"embeddable":true,"href":"https:\/\/pcf08.com\/index.php\/wp-json\/wp\/v2\/comments?post=3678"}],"version-history":[{"count":1,"href":"https:\/\/pcf08.com\/index.php\/wp-json\/wp\/v2\/posts\/3678\/revisions"}],"predecessor-version":[{"id":3680,"href":"https:\/\/pcf08.com\/index.php\/wp-json\/wp\/v2\/posts\/3678\/revisions\/3680"}],"wp:attachment":[{"href":"https:\/\/pcf08.com\/index.php\/wp-json\/wp\/v2\/media?parent=3678"}],"wp:term":[{"taxonomy":"category","embeddable":true,"href":"https:\/\/pcf08.com\/index.php\/wp-json\/wp\/v2\/categories?post=3678"},{"taxonomy":"post_tag","embeddable":true,"href":"https:\/\/pcf08.com\/index.php\/wp-json\/wp\/v2\/tags?post=3678"}],"curies":[{"name":"wp","href":"https:\/\/api.w.org\/{rel}","templated":true}]}}