{"id":3669,"date":"2025-12-04T08:47:53","date_gmt":"2025-12-04T07:47:53","guid":{"rendered":"https:\/\/pcf08.com\/?p=3669"},"modified":"2025-12-04T08:47:53","modified_gmt":"2025-12-04T07:47:53","slug":"nationalisation","status":"publish","type":"post","link":"https:\/\/pcf08.com\/index.php\/2025\/12\/04\/nationalisation\/","title":{"rendered":"Nationalisation\u00a0!"},"content":{"rendered":"<p align=\"justify\"><span style=\"font-family: Calibri, sans-serif;\"><span style=\"font-size: medium;\"><img loading=\"lazy\" decoding=\"async\" class=\"size-medium wp-image-3670 alignleft\" src=\"https:\/\/pcf08.com\/wp-content\/uploads\/2025\/12\/edito-32-300x150.jpg\" alt=\"\" width=\"300\" height=\"150\" srcset=\"https:\/\/pcf08.com\/wp-content\/uploads\/2025\/12\/edito-32-300x150.jpg 300w, https:\/\/pcf08.com\/wp-content\/uploads\/2025\/12\/edito-32-768x384.jpg 768w, https:\/\/pcf08.com\/wp-content\/uploads\/2025\/12\/edito-32.jpg 800w\" sizes=\"(max-width: 300px) 100vw, 300px\" \/>Le 27 novembre, l\u2019Assembl\u00e9e nationale a approuv\u00e9 la proposition de loi de nationalisation d\u2019ArcelorMittal. Ce vote marque un signal politique majeur en mati\u00e8re de politique industrielle, de reconqu\u00eate d\u2019emplois et de souverainet\u00e9 industrielle.<\/span><\/span><\/p>\n<p align=\"justify\"><span style=\"font-family: Calibri, sans-serif;\"><span style=\"font-size: medium;\">Depuis 2 ans, les salari\u00e9s des diff\u00e9rents sites, dont un dans les Ardennes \u00e0 Mouzon, se mobilisent et ont eu raison de l\u2019opposition du gouvernement et de l\u2019obstruction du RN qui avait d\u00e9pos\u00e9 pas moins de 290 amendements pour emp\u00eacher le vote\u00a0! Le RN ne d\u00e9fend ni les travailleurs, ni l\u2019industrie fran\u00e7aise mais les multinationales et une famille de milliardaires, les \u00ab\u00a0Mittal\u00a0\u00bb. Mittal, tout en multipliant et versant toujours plus de dividendes et en r\u00e9clamant toujours plus d\u2019aides publiques a multipli\u00e9 depuis plus de 20 ans les fermetures et les licenciements. ArcelorMittal a en effet touch\u00e9 des centaines de millions d\u2019aides publiques et verse chaque ann\u00e9e entre 300 et 400 millions d\u2019\u20ac de dividendes \u00e0 ses actionnaires. Le chiffre d\u2019affaire explose mais rien sur les investissements et pire, ArcelorMittal annonce des centaines de suppression d\u2019emplois en France.<\/span><\/span><\/p>\n<p align=\"justify\"><span style=\"font-family: Calibri, sans-serif;\"><span style=\"font-size: medium;\">Le vote ouvre la voie \u00e0 un changement de doctrine en mati\u00e8re de politique industrielle. Ce vote in\u00e9dit doit \u00eatre mis en \u0153uvre sans attendre et le S\u00e9nat doit voter \u00e0 son tour en faveur de la nationalisation d\u2019Arcelor.<\/span><\/span><\/p>\n<p align=\"justify\"><span style=\"font-family: Calibri, sans-serif;\"><span style=\"font-size: medium;\">La fili\u00e8re de la sid\u00e9rurgie en France est en grand danger alors que notre pays a besoin d\u2019acier. L\u2019acier est partout, sans acier impossible de r\u00e9industrialiser la France. L\u2019argent existe\u00a0! Pour choisir une politique d\u2019avenir plut\u00f4t que ne viser que les logiques de profit \u00e0 court terme et d\u00e9fendre notre souverainet\u00e9 \u00e9conomique, il faut nationaliser ArcelorMittal.<\/span><\/span><\/p>\n<p align=\"justify\"><span style=\"font-family: Calibri, sans-serif;\"><span style=\"font-size: medium;\">Pour sauver notre industrie, signez la p\u00e9tition du PCF\u00a0:<\/span><\/span><\/p>\n<p align=\"justify\"><span style=\"font-family: Calibri, sans-serif;\"><span style=\"font-size: medium;\"><a href=\"https:\/\/www.pcf.fr\/nationalisation_arcelormittal\"><span style=\"color: #0000ff;\">https:\/\/www.pcf.fr\/nationalisation_arcelormittal<\/span><\/a><\/span><\/span><\/p>\n<p align=\"right\"><span style=\"font-family: Calibri, sans-serif;\"><span style=\"font-size: medium;\">Corine POSTAL<\/span><\/span><\/p>\n","protected":false},"excerpt":{"rendered":"<p>Le 27 novembre, l\u2019Assembl\u00e9e nationale a approuv\u00e9 la proposition de loi de nationalisation d\u2019ArcelorMittal. Ce vote marque un signal politique majeur en mati\u00e8re de politique industrielle, de reconqu\u00eate d\u2019emplois et de souverainet\u00e9 industrielle. Depuis 2 ans, les salari\u00e9s des diff\u00e9rents sites, dont un dans les Ardennes \u00e0 Mouzon, se mobilisent et ont eu raison de [&hellip;]<\/p>\n","protected":false},"author":4,"featured_media":0,"comment_status":"closed","ping_status":"open","sticky":false,"template":"","format":"standard","meta":{"saved_in_kubio":false,"footnotes":""},"categories":[1],"tags":[],"class_list":["post-3669","post","type-post","status-publish","format-standard","hentry","category-non-classe"],"_links":{"self":[{"href":"https:\/\/pcf08.com\/index.php\/wp-json\/wp\/v2\/posts\/3669","targetHints":{"allow":["GET"]}}],"collection":[{"href":"https:\/\/pcf08.com\/index.php\/wp-json\/wp\/v2\/posts"}],"about":[{"href":"https:\/\/pcf08.com\/index.php\/wp-json\/wp\/v2\/types\/post"}],"author":[{"embeddable":true,"href":"https:\/\/pcf08.com\/index.php\/wp-json\/wp\/v2\/users\/4"}],"replies":[{"embeddable":true,"href":"https:\/\/pcf08.com\/index.php\/wp-json\/wp\/v2\/comments?post=3669"}],"version-history":[{"count":1,"href":"https:\/\/pcf08.com\/index.php\/wp-json\/wp\/v2\/posts\/3669\/revisions"}],"predecessor-version":[{"id":3671,"href":"https:\/\/pcf08.com\/index.php\/wp-json\/wp\/v2\/posts\/3669\/revisions\/3671"}],"wp:attachment":[{"href":"https:\/\/pcf08.com\/index.php\/wp-json\/wp\/v2\/media?parent=3669"}],"wp:term":[{"taxonomy":"category","embeddable":true,"href":"https:\/\/pcf08.com\/index.php\/wp-json\/wp\/v2\/categories?post=3669"},{"taxonomy":"post_tag","embeddable":true,"href":"https:\/\/pcf08.com\/index.php\/wp-json\/wp\/v2\/tags?post=3669"}],"curies":[{"name":"wp","href":"https:\/\/api.w.org\/{rel}","templated":true}]}}