{"id":3636,"date":"2025-11-17T09:13:52","date_gmt":"2025-11-17T08:13:52","guid":{"rendered":"https:\/\/pcf08.com\/?p=3636"},"modified":"2025-11-17T09:13:52","modified_gmt":"2025-11-17T08:13:52","slug":"une-recuperation-honteuse","status":"publish","type":"post","link":"https:\/\/pcf08.com\/index.php\/2025\/11\/17\/une-recuperation-honteuse\/","title":{"rendered":"Une r\u00e9cup\u00e9ration honteuse"},"content":{"rendered":"<p align=\"justify\"><span style=\"color: #000000;\"><span style=\"font-family: Calibri, sans-serif;\"><span style=\"font-size: medium;\"><img loading=\"lazy\" decoding=\"async\" class=\"size-medium wp-image-3637 alignleft\" src=\"https:\/\/pcf08.com\/wp-content\/uploads\/2025\/11\/rimbaud-300x170.png\" alt=\"\" width=\"300\" height=\"170\" srcset=\"https:\/\/pcf08.com\/wp-content\/uploads\/2025\/11\/rimbaud-300x170.png 300w, https:\/\/pcf08.com\/wp-content\/uploads\/2025\/11\/rimbaud.png 393w\" sizes=\"(max-width: 300px) 100vw, 300px\" \/>Ce lundi 10 novembre une c\u00e9r\u00e9monie de requiem vient d\u2019\u00eatre dite au <\/span><\/span><\/span><span style=\"color: #000000;\"><span style=\"font-family: Calibri, sans-serif;\"><span style=\"font-size: medium;\">cimeti\u00e8re<\/span><\/span><\/span><span style=\"color: #000000;\"><span style=\"font-family: Calibri, sans-serif;\"><span style=\"font-size: medium;\"> de l\u2019avenue Boutet (Charleville) devant la tombe d\u2019Arthur RIMBAUD. C\u2018est e<\/span><\/span><\/span><span style=\"color: #000000;\"><span style=\"font-family: Calibri, sans-serif;\"><span style=\"font-size: medium;\">n<\/span><\/span><\/span><span style=\"color: #000000;\"><span style=\"font-family: Calibri, sans-serif;\"><span style=\"font-size: medium;\"> comm\u00e9moration de la date du d\u00e9c\u00e8s du <\/span><\/span><\/span><span style=\"color: #000000;\"><span style=\"font-family: Calibri, sans-serif;\"><span style=\"font-size: medium;\">po\u00e8te<\/span><\/span><\/span><span style=\"color: #000000;\"><span style=\"font-family: Calibri, sans-serif;\"><span style=\"font-size: medium;\">, le 10 novembre 1891, que les autorit\u00e9s religieuse<\/span><\/span><\/span><span style=\"color: #000000;\"><span style=\"font-family: Calibri, sans-serif;\"><span style=\"font-size: medium;\">s<\/span><\/span><\/span> <span style=\"color: #000000;\"><span style=\"font-family: Calibri, sans-serif;\"><span style=\"font-size: medium;\">on<\/span><\/span><\/span><span style=\"color: #000000;\"><span style=\"font-family: Calibri, sans-serif;\"><span style=\"font-size: medium;\">t<\/span><\/span><\/span><span style=\"color: #000000;\"><span style=\"font-family: Calibri, sans-serif;\"><span style=\"font-size: medium;\"> donn\u00e9<\/span><\/span><\/span><span style=\"color: #000000;\"><span style=\"font-family: Calibri, sans-serif;\"><span style=\"font-size: medium;\"> un requiem devant la tombe du <\/span><\/span><\/span><span style=\"color: #000000;\"><span style=\"font-family: Calibri, sans-serif;\"><span style=\"font-size: medium;\">po\u00e8te.<\/span><\/span><\/span><\/p>\n<p align=\"justify\"><span style=\"color: #000000;\"><span style=\"font-family: Calibri, sans-serif;\"><span style=\"font-size: medium;\">Cette r\u00e9cup\u00e9ration dans un lieu public est honteuse d\u2019autant que rien ne confirme l\u2019attachement c<\/span><\/span><\/span><span style=\"color: #000000;\"><span style=\"font-family: Calibri, sans-serif;\"><span style=\"font-size: medium;\">hr\u00e9tien<\/span><\/span><\/span><span style=\"color: #000000;\"><span style=\"font-family: Calibri, sans-serif;\"><span style=\"font-size: medium;\"> d\u2019Arthur RIMBAUD. Au contraire dans des \u00e9crits on rel\u00e8ve une agressivit\u00e9 \u00e9vidente \u00e0 l\u2019\u00e9gard de l\u2019\u00c9glise. Selon Rimbaud celle-ci est marqu\u00e9e par l&rsquo;hypocrisie. Dans son po\u00e8me \u00ab\u00a0Les pauvres \u00e0 l\u2019\u00e9glise,\u00a0\u00bb Rimbaud exprime sa col\u00e8re face aux contraintes de son \u00e9ducation catholique. Il remet en question les valeurs et les pratiques de l&rsquo;\u00c9glise.<\/span><\/span><\/span><\/p>\n<p align=\"justify\"><span style=\"color: #000000;\"><span style=\"font-family: Calibri, sans-serif;\"><span style=\"font-size: medium;\">C\u2019est notamment vrai pour les <\/span><\/span><\/span><span style=\"color: #000000;\"><span style=\"font-family: Calibri, sans-serif;\"><span style=\"font-size: medium;\">textes qui traitent des <\/span><\/span><\/span><span style=\"color: #000000;\"><span style=\"font-family: Calibri, sans-serif;\"><span style=\"font-size: medium;\">\u00e9v\u00e9nements<\/span><\/span><\/span><span style=\"color: #000000;\"><span style=\"font-family: Calibri, sans-serif;\"><span style=\"font-size: medium;\"> de \u00ab\u00a0la Commune de Paris\u00a0\u00bb. M\u00eame si ce requiem n\u2019a pas attir\u00e9 la foule, une dizaine de personnes, la volont\u00e9 de r\u00e9\u00e9crire l\u2019Histoire est \u00e9vidente.<\/span><\/span><\/span><\/p>\n<p align=\"right\"><span style=\"color: #000000;\"><span style=\"font-family: Calibri, sans-serif;\"><span style=\"font-size: medium;\"> Sylvain DALLA ROSA<\/span><\/span><\/span><\/p>\n","protected":false},"excerpt":{"rendered":"<p>Ce lundi 10 novembre une c\u00e9r\u00e9monie de requiem vient d\u2019\u00eatre dite au cimeti\u00e8re de l\u2019avenue Boutet (Charleville) devant la tombe d\u2019Arthur RIMBAUD. C\u2018est en comm\u00e9moration de la date du d\u00e9c\u00e8s du po\u00e8te, le 10 novembre 1891, que les autorit\u00e9s religieuses ont donn\u00e9 un requiem devant la tombe du po\u00e8te. Cette r\u00e9cup\u00e9ration dans un lieu public [&hellip;]<\/p>\n","protected":false},"author":4,"featured_media":0,"comment_status":"closed","ping_status":"open","sticky":false,"template":"","format":"standard","meta":{"saved_in_kubio":false,"footnotes":""},"categories":[1],"tags":[],"class_list":["post-3636","post","type-post","status-publish","format-standard","hentry","category-non-classe"],"_links":{"self":[{"href":"https:\/\/pcf08.com\/index.php\/wp-json\/wp\/v2\/posts\/3636","targetHints":{"allow":["GET"]}}],"collection":[{"href":"https:\/\/pcf08.com\/index.php\/wp-json\/wp\/v2\/posts"}],"about":[{"href":"https:\/\/pcf08.com\/index.php\/wp-json\/wp\/v2\/types\/post"}],"author":[{"embeddable":true,"href":"https:\/\/pcf08.com\/index.php\/wp-json\/wp\/v2\/users\/4"}],"replies":[{"embeddable":true,"href":"https:\/\/pcf08.com\/index.php\/wp-json\/wp\/v2\/comments?post=3636"}],"version-history":[{"count":1,"href":"https:\/\/pcf08.com\/index.php\/wp-json\/wp\/v2\/posts\/3636\/revisions"}],"predecessor-version":[{"id":3638,"href":"https:\/\/pcf08.com\/index.php\/wp-json\/wp\/v2\/posts\/3636\/revisions\/3638"}],"wp:attachment":[{"href":"https:\/\/pcf08.com\/index.php\/wp-json\/wp\/v2\/media?parent=3636"}],"wp:term":[{"taxonomy":"category","embeddable":true,"href":"https:\/\/pcf08.com\/index.php\/wp-json\/wp\/v2\/categories?post=3636"},{"taxonomy":"post_tag","embeddable":true,"href":"https:\/\/pcf08.com\/index.php\/wp-json\/wp\/v2\/tags?post=3636"}],"curies":[{"name":"wp","href":"https:\/\/api.w.org\/{rel}","templated":true}]}}