{"id":3634,"date":"2025-11-17T09:12:21","date_gmt":"2025-11-17T08:12:21","guid":{"rendered":"https:\/\/pcf08.com\/?p=3634"},"modified":"2025-11-17T09:12:21","modified_gmt":"2025-11-17T08:12:21","slug":"retour-vers-le-futur","status":"publish","type":"post","link":"https:\/\/pcf08.com\/index.php\/2025\/11\/17\/retour-vers-le-futur\/","title":{"rendered":"Retour vers le futur !"},"content":{"rendered":"<p align=\"justify\"><span style=\"color: #000000;\"><span style=\"font-family: Calibri, sans-serif;\">Les \u00e9lus de la majorit\u00e9 d\u00e9partementale et municipale pour Charleville-M\u00e9zi\u00e8res, tr\u00e8s proches pour ne pas dire \u00e9pousant la ligne politique des diff\u00e9rents derniers gouvernements macronistes semblent avoir un r\u00e9veil difficile et une amn\u00e9sie subite.<\/span><\/span><\/p>\n<p align=\"justify\"><span style=\"color: #000000;\"><span style=\"font-family: Calibri, sans-serif;\">Ces sympt\u00f4mes se sont r\u00e9v\u00e9l\u00e9s ces derni\u00e8res semaines face \u00e0 la brutalit\u00e9 des propositions de budget propos\u00e9 par le \u00e9ni\u00e8me nouveau Premier ministre LECORNU. <\/span><\/span><\/p>\n<p align=\"justify\"><span style=\"color: #000000;\"><span style=\"font-family: Calibri, sans-serif;\">Ce r\u00e9veil brutal a oblig\u00e9 le Conseil D\u00e9partemental, comme nous l\u2019avions d\u00e9j\u00e0 mentionn\u00e9 dans le pr\u00e9c\u00e9dent NDA, \u00e0 reporter le vote de son budget \u00e0 une date ult\u00e9rieure. Que dire du Maire de Charleville-M\u00e9zi\u00e8res et Pr\u00e9sident d\u2019ARDENNE M\u00c9TROPOLE qui s\u2019\u00e9pand dans la presse locale en hurlant \u00e0 la mort par asphyxie des structures territoriales, dont les projets \u00e0 l\u2019approche de la campagne \u00e9lectorale des prochaines \u00e9lections municipales sont en totale contradiction avec la politique qu\u2019il applique depuis dix ans. Exemples flagrants, ouverture d\u2019une maison de services sur le quartier de la Houill\u00e8re alors qu\u2019il l\u2019a supprim\u00e9e il y a plusieurs ann\u00e9es. Red\u00e9ploiement de la police municipale de proximit\u00e9, avec embauche, alors que la pr\u00e9sence de police de proximit\u00e9 qui est et devrait \u00eatre une mesure r\u00e9galienne de l\u2019\u00e9tat a \u00e9t\u00e9 supprim\u00e9 par son mentor politique qu\u2019il soutient et d\u00e9fend toujours, un certain Nicolas SARKOZY.<\/span><\/span><\/p>\n<p align=\"justify\"><span style=\"color: #000000;\"><span style=\"font-family: Calibri, sans-serif;\">Sans parler du Maire de Rethel, lui aussi en pr\u00e9campagne, qui organise une manifestation le 22 novembre prochain pour d\u00e9noncer la fermeture de la gare de sa cit\u00e9, d\u00e9cr\u00e9t\u00e9e par la majorit\u00e9 du Conseil R\u00e9gional dont il a toujours \u00e9t\u00e9 proche. Le syndicat CGT des Cheminots n\u2019a pas attendu la fermeture d\u00e9finitive pour alerter. Il appelle \u00e0 participer \u00e0 la manifestation du 22. <\/span><\/span><\/p>\n<p align=\"justify\"><span style=\"color: #000000;\"><span style=\"font-family: Calibri, sans-serif;\">Ces pseudos retours en arri\u00e8re sont ex\u00e9cut\u00e9s pour masquer et faire oublier que ces \u00e9lus de droite continuent \u00e0 d\u00e9fendre les politiques d\u2019aust\u00e9rit\u00e9 et de lib\u00e9ralisme \u00e9conomiques contre vents et mar\u00e9es, ignorant d\u00e9lib\u00e9r\u00e9ment la r\u00e9alit\u00e9 des classes populaires qui subissent de plein fouet les effets d\u00e9vastateurs de leurs choix.<\/span><\/span><\/p>\n<p align=\"right\"><span style=\"color: #000000;\"><span style=\"font-family: Calibri, sans-serif;\">Patrick LATTUADA<\/span><\/span><\/p>\n","protected":false},"excerpt":{"rendered":"<p>Les \u00e9lus de la majorit\u00e9 d\u00e9partementale et municipale pour Charleville-M\u00e9zi\u00e8res, tr\u00e8s proches pour ne pas dire \u00e9pousant la ligne politique des diff\u00e9rents derniers gouvernements macronistes semblent avoir un r\u00e9veil difficile et une amn\u00e9sie subite. Ces sympt\u00f4mes se sont r\u00e9v\u00e9l\u00e9s ces derni\u00e8res semaines face \u00e0 la brutalit\u00e9 des propositions de budget propos\u00e9 par le \u00e9ni\u00e8me nouveau [&hellip;]<\/p>\n","protected":false},"author":4,"featured_media":0,"comment_status":"closed","ping_status":"open","sticky":false,"template":"","format":"standard","meta":{"saved_in_kubio":false,"footnotes":""},"categories":[1],"tags":[],"class_list":["post-3634","post","type-post","status-publish","format-standard","hentry","category-non-classe"],"_links":{"self":[{"href":"https:\/\/pcf08.com\/index.php\/wp-json\/wp\/v2\/posts\/3634","targetHints":{"allow":["GET"]}}],"collection":[{"href":"https:\/\/pcf08.com\/index.php\/wp-json\/wp\/v2\/posts"}],"about":[{"href":"https:\/\/pcf08.com\/index.php\/wp-json\/wp\/v2\/types\/post"}],"author":[{"embeddable":true,"href":"https:\/\/pcf08.com\/index.php\/wp-json\/wp\/v2\/users\/4"}],"replies":[{"embeddable":true,"href":"https:\/\/pcf08.com\/index.php\/wp-json\/wp\/v2\/comments?post=3634"}],"version-history":[{"count":1,"href":"https:\/\/pcf08.com\/index.php\/wp-json\/wp\/v2\/posts\/3634\/revisions"}],"predecessor-version":[{"id":3635,"href":"https:\/\/pcf08.com\/index.php\/wp-json\/wp\/v2\/posts\/3634\/revisions\/3635"}],"wp:attachment":[{"href":"https:\/\/pcf08.com\/index.php\/wp-json\/wp\/v2\/media?parent=3634"}],"wp:term":[{"taxonomy":"category","embeddable":true,"href":"https:\/\/pcf08.com\/index.php\/wp-json\/wp\/v2\/categories?post=3634"},{"taxonomy":"post_tag","embeddable":true,"href":"https:\/\/pcf08.com\/index.php\/wp-json\/wp\/v2\/tags?post=3634"}],"curies":[{"name":"wp","href":"https:\/\/api.w.org\/{rel}","templated":true}]}}