{"id":3621,"date":"2025-11-06T13:25:59","date_gmt":"2025-11-06T12:25:59","guid":{"rendered":"https:\/\/pcf08.com\/?p=3621"},"modified":"2025-11-06T13:25:59","modified_gmt":"2025-11-06T12:25:59","slug":"le-conseil-departemental-repousse-le-vote-de-son-budget","status":"publish","type":"post","link":"https:\/\/pcf08.com\/index.php\/2025\/11\/06\/le-conseil-departemental-repousse-le-vote-de-son-budget\/","title":{"rendered":"Le Conseil D\u00e9partemental repousse le vote de son budget"},"content":{"rendered":"<p align=\"justify\"><span style=\"font-family: Calibri, sans-serif;\"><span style=\"font-size: medium;\"><img loading=\"lazy\" decoding=\"async\" class=\"size-medium wp-image-3622 alignleft\" src=\"https:\/\/pcf08.com\/wp-content\/uploads\/2025\/11\/departement-240x300.jpg\" alt=\"\" width=\"240\" height=\"300\" srcset=\"https:\/\/pcf08.com\/wp-content\/uploads\/2025\/11\/departement-240x300.jpg 240w, https:\/\/pcf08.com\/wp-content\/uploads\/2025\/11\/departement-819x1024.jpg 819w, https:\/\/pcf08.com\/wp-content\/uploads\/2025\/11\/departement-768x960.jpg 768w, https:\/\/pcf08.com\/wp-content\/uploads\/2025\/11\/departement.jpg 1080w\" sizes=\"(max-width: 240px) 100vw, 240px\" \/>Faute de visibilit\u00e9, le Conseil D\u00e9partemental a repouss\u00e9 le vote de son budget au d\u00e9but de l\u2019ann\u00e9e 2026. La situation financi\u00e8re des d\u00e9partements est particuli\u00e8rement pr\u00e9caire du fait de leurs comp\u00e9tences sociales (RSA, APA \u2026) mal compens\u00e9es par l\u2019\u00c9tat, m\u00eame si celui-ci d\u00e9cide souvent\u00a0! Cela est particuli\u00e8rement vrai pour les Ardennes du fait de l\u2019importance du taux de pauvret\u00e9.<\/span><\/span><\/p>\n<p align=\"justify\"><span style=\"font-family: Calibri, sans-serif;\"><span style=\"font-size: medium;\">Et le budget 2026, actuellement d\u00e9battu au parlement, pr\u00e9voit plus de 5 milliards de suppression d\u2019aides aux collectivit\u00e9s\u00a0!<\/span><\/span><\/p>\n<p align=\"justify\"><span style=\"font-family: Calibri, sans-serif;\"><span style=\"font-size: medium;\">Que font les conseillers d\u00e9partementaux Pierre Cordier et Lionel Vuibert, le conseiller r\u00e9gional Jean-Luc Warsmann, tous trois par ailleurs d\u00e9put\u00e9s\u00a0? Ils ont refus\u00e9 de voter la taxe Zucman permettant d\u2019augmenter sensiblement les recettes de l\u2019\u00c9tat, qui aurait permis de faire face aux besoins. Ce n\u2019\u00e9tait pourtant pas une mesure r\u00e9volutionnaire, simplement faire payer un peu plus les tr\u00e8s riches de notre pays. Plus de 80\u00a0% de la population la soutient. C\u2019est une mesure n\u00e9cessaire pour notre d\u00e9mocratie, pour le consentement \u00e0 l\u2019imp\u00f4t\u00a0: arr\u00eater de privil\u00e9gier les ultra riches\u00a0! Il faudrait aller beaucoup plus loin, non seulement limiter les in\u00e9galit\u00e9s, mais avoir des mesures orientant la finance vers l\u2019int\u00e9r\u00eat commun, comme par exemple de faire cotiser les revenus financiers des entreprises, pour inciter celles-ci \u00e0 investir plut\u00f4t qu\u2019\u00e0 boursicoter\u00a0!<\/span><\/span><\/p>\n<p align=\"right\"><span style=\"font-family: Calibri, sans-serif;\"><span style=\"font-size: medium;\">Mich\u00e8le LEFLON<\/span><\/span><\/p>\n","protected":false},"excerpt":{"rendered":"<p>Faute de visibilit\u00e9, le Conseil D\u00e9partemental a repouss\u00e9 le vote de son budget au d\u00e9but de l\u2019ann\u00e9e 2026. La situation financi\u00e8re des d\u00e9partements est particuli\u00e8rement pr\u00e9caire du fait de leurs comp\u00e9tences sociales (RSA, APA \u2026) mal compens\u00e9es par l\u2019\u00c9tat, m\u00eame si celui-ci d\u00e9cide souvent\u00a0! Cela est particuli\u00e8rement vrai pour les Ardennes du fait de l\u2019importance [&hellip;]<\/p>\n","protected":false},"author":4,"featured_media":0,"comment_status":"closed","ping_status":"open","sticky":false,"template":"","format":"standard","meta":{"saved_in_kubio":false,"footnotes":""},"categories":[1],"tags":[],"class_list":["post-3621","post","type-post","status-publish","format-standard","hentry","category-non-classe"],"_links":{"self":[{"href":"https:\/\/pcf08.com\/index.php\/wp-json\/wp\/v2\/posts\/3621","targetHints":{"allow":["GET"]}}],"collection":[{"href":"https:\/\/pcf08.com\/index.php\/wp-json\/wp\/v2\/posts"}],"about":[{"href":"https:\/\/pcf08.com\/index.php\/wp-json\/wp\/v2\/types\/post"}],"author":[{"embeddable":true,"href":"https:\/\/pcf08.com\/index.php\/wp-json\/wp\/v2\/users\/4"}],"replies":[{"embeddable":true,"href":"https:\/\/pcf08.com\/index.php\/wp-json\/wp\/v2\/comments?post=3621"}],"version-history":[{"count":1,"href":"https:\/\/pcf08.com\/index.php\/wp-json\/wp\/v2\/posts\/3621\/revisions"}],"predecessor-version":[{"id":3623,"href":"https:\/\/pcf08.com\/index.php\/wp-json\/wp\/v2\/posts\/3621\/revisions\/3623"}],"wp:attachment":[{"href":"https:\/\/pcf08.com\/index.php\/wp-json\/wp\/v2\/media?parent=3621"}],"wp:term":[{"taxonomy":"category","embeddable":true,"href":"https:\/\/pcf08.com\/index.php\/wp-json\/wp\/v2\/categories?post=3621"},{"taxonomy":"post_tag","embeddable":true,"href":"https:\/\/pcf08.com\/index.php\/wp-json\/wp\/v2\/tags?post=3621"}],"curies":[{"name":"wp","href":"https:\/\/api.w.org\/{rel}","templated":true}]}}