{"id":3618,"date":"2025-11-06T13:24:27","date_gmt":"2025-11-06T12:24:27","guid":{"rendered":"https:\/\/pcf08.com\/?p=3618"},"modified":"2025-11-06T13:24:27","modified_gmt":"2025-11-06T12:24:27","slug":"rsa-moins-de-titulaires-plus-de-financement","status":"publish","type":"post","link":"https:\/\/pcf08.com\/index.php\/2025\/11\/06\/rsa-moins-de-titulaires-plus-de-financement\/","title":{"rendered":"RSA moins de titulaires plus de financement !"},"content":{"rendered":"<p align=\"justify\"><span style=\"font-family: Calibri, sans-serif;\"><span style=\"font-size: medium;\"><img loading=\"lazy\" decoding=\"async\" class=\"size-medium wp-image-3619 alignleft\" src=\"https:\/\/pcf08.com\/wp-content\/uploads\/2025\/11\/rsa-300x169.jpg\" alt=\"\" width=\"300\" height=\"169\" srcset=\"https:\/\/pcf08.com\/wp-content\/uploads\/2025\/11\/rsa-300x169.jpg 300w, https:\/\/pcf08.com\/wp-content\/uploads\/2025\/11\/rsa-1024x576.jpg 1024w, https:\/\/pcf08.com\/wp-content\/uploads\/2025\/11\/rsa-768x432.jpg 768w, https:\/\/pcf08.com\/wp-content\/uploads\/2025\/11\/rsa-1536x864.jpg 1536w, https:\/\/pcf08.com\/wp-content\/uploads\/2025\/11\/rsa.jpg 1920w\" sizes=\"(max-width: 300px) 100vw, 300px\" \/>Le vieillissement de la population ardennaise avec des retrait\u00e9s de plus en plus nombreux a des cons\u00e9quences inattendues comme la baisse des Ardennais au RSA (revenu de solidarit\u00e9 active). Ainsi, le dernier recensement montre une baisse de 467 titulaires du RSA sur les quelques 8000 que compte notre d\u00e9partement.<\/span><\/span><\/p>\n<p align=\"justify\"><span style=\"font-family: Calibri, sans-serif;\"><span style=\"font-size: medium;\">Le montant global vot\u00e9 par le Conseil D\u00e9partemental se chiffre \u00e0 58 millions d\u2019euros et pour l\u2019essentiel repose sur les \u00e9paules du CD. Et encore tous ceux qui ont droit au RSA ne font pas la d\u00e9marche pour s\u2019inscrire. Dans un premier temps le Conseil D\u00e9partemental a r\u00e9sist\u00e9 en refusant de financer sur le budget du d\u00e9partement la hausse du RSA programm\u00e9e par l\u2019\u00c9tat. Finalement le CD vient de voter une rallonge de 700 000 euros pour faire face \u00e0 l\u2019augmentation.<\/span><\/span><\/p>\n<p align=\"right\"><span style=\"font-family: Calibri, sans-serif;\"><span style=\"font-size: medium;\"> Sylvain DALLA ROSA<\/span><\/span><\/p>\n","protected":false},"excerpt":{"rendered":"<p>Le vieillissement de la population ardennaise avec des retrait\u00e9s de plus en plus nombreux a des cons\u00e9quences inattendues comme la baisse des Ardennais au RSA (revenu de solidarit\u00e9 active). Ainsi, le dernier recensement montre une baisse de 467 titulaires du RSA sur les quelques 8000 que compte notre d\u00e9partement. Le montant global vot\u00e9 par le [&hellip;]<\/p>\n","protected":false},"author":4,"featured_media":0,"comment_status":"closed","ping_status":"open","sticky":false,"template":"","format":"standard","meta":{"saved_in_kubio":false,"footnotes":""},"categories":[1],"tags":[],"class_list":["post-3618","post","type-post","status-publish","format-standard","hentry","category-non-classe"],"_links":{"self":[{"href":"https:\/\/pcf08.com\/index.php\/wp-json\/wp\/v2\/posts\/3618","targetHints":{"allow":["GET"]}}],"collection":[{"href":"https:\/\/pcf08.com\/index.php\/wp-json\/wp\/v2\/posts"}],"about":[{"href":"https:\/\/pcf08.com\/index.php\/wp-json\/wp\/v2\/types\/post"}],"author":[{"embeddable":true,"href":"https:\/\/pcf08.com\/index.php\/wp-json\/wp\/v2\/users\/4"}],"replies":[{"embeddable":true,"href":"https:\/\/pcf08.com\/index.php\/wp-json\/wp\/v2\/comments?post=3618"}],"version-history":[{"count":1,"href":"https:\/\/pcf08.com\/index.php\/wp-json\/wp\/v2\/posts\/3618\/revisions"}],"predecessor-version":[{"id":3620,"href":"https:\/\/pcf08.com\/index.php\/wp-json\/wp\/v2\/posts\/3618\/revisions\/3620"}],"wp:attachment":[{"href":"https:\/\/pcf08.com\/index.php\/wp-json\/wp\/v2\/media?parent=3618"}],"wp:term":[{"taxonomy":"category","embeddable":true,"href":"https:\/\/pcf08.com\/index.php\/wp-json\/wp\/v2\/categories?post=3618"},{"taxonomy":"post_tag","embeddable":true,"href":"https:\/\/pcf08.com\/index.php\/wp-json\/wp\/v2\/tags?post=3618"}],"curies":[{"name":"wp","href":"https:\/\/api.w.org\/{rel}","templated":true}]}}