{"id":3615,"date":"2025-11-06T13:23:23","date_gmt":"2025-11-06T12:23:23","guid":{"rendered":"https:\/\/pcf08.com\/?p=3615"},"modified":"2025-11-06T13:23:23","modified_gmt":"2025-11-06T12:23:23","slug":"des-chiffres-inquietants","status":"publish","type":"post","link":"https:\/\/pcf08.com\/index.php\/2025\/11\/06\/des-chiffres-inquietants\/","title":{"rendered":"Des chiffres inqui\u00e9tants !"},"content":{"rendered":"<p align=\"justify\"><span style=\"font-family: Calibri, sans-serif;\"><span style=\"font-size: medium;\"><img loading=\"lazy\" decoding=\"async\" class=\"size-medium wp-image-3616 alignleft\" src=\"https:\/\/pcf08.com\/wp-content\/uploads\/2025\/11\/demographie-300x200.jpg\" alt=\"\" width=\"300\" height=\"200\" srcset=\"https:\/\/pcf08.com\/wp-content\/uploads\/2025\/11\/demographie-300x200.jpg 300w, https:\/\/pcf08.com\/wp-content\/uploads\/2025\/11\/demographie-768x513.jpg 768w, https:\/\/pcf08.com\/wp-content\/uploads\/2025\/11\/demographie-272x182.jpg 272w, https:\/\/pcf08.com\/wp-content\/uploads\/2025\/11\/demographie.jpg 878w\" sizes=\"(max-width: 300px) 100vw, 300px\" \/>Les r\u00e9cents chiffres de la d\u00e9mographie sont un indice r\u00e9v\u00e9lateur du d\u00e9veloppement d\u2019un pays. Ceux-ci r\u00e9v\u00e9l\u00e9s en mai dernier font appara\u00eetre un solde n\u00e9gatif actuel sur le plan national. Sur l\u2019ann\u00e9e \u00e9coul\u00e9e il y dans notre pays 651 200 d\u00e9c\u00e8s contre 650 400 naissances (chiffres INSEE). Les cons\u00e9quences ne sont pas totalement imputables au COVID19. Faut-il y voir un des effets du d\u00e9clin industriel ?<\/span><\/span><\/p>\n<p align=\"justify\"><span style=\"font-family: Calibri, sans-serif;\"><span style=\"font-size: medium;\">Notre d\u00e9partement conna\u00eet \u00e9galement, sans surprise, une diminution de sa population. Les Ardennes comptent 267 204 habitants, soit une baisse de 0,31% entre 2016 et 2022. La d\u00e9mographie des Ardennes affiche une population vieillissante. Des disparit\u00e9s apparaissent. A titre d\u2019exemple on ne compte 6,5% d\u2019ouvriers. <\/span><\/span><\/p>\n<p align=\"justify\"><span style=\"font-family: Calibri, sans-serif;\"><span style=\"font-size: medium;\">Plut\u00f4t que de regarder les chiffres et se lamenter les \u00e9lus de droite qui dirigent les principales collectivit\u00e9s ardennaises devraient imaginer des solutions aptes \u00e0 renforcer la population du d\u00e9partement. A titre d\u2019exemple la situation de l\u2019usine Stellantis est inqui\u00e9tante. La r\u00e9cente visite, d\u00e9but octobre, de la pr\u00e9sidente de l\u2019Assembl\u00e9e Nationale pose question. Elle dit, elle m\u00eame \u00ab\u00a0qu\u2019elle n\u2019\u00e9tait pas l\u00e0 pour faire remonter des messages\u00a0\u00bb<\/span><\/span><\/p>\n<p align=\"right\"><span style=\"font-family: Calibri, sans-serif;\"><span style=\"font-size: medium;\"> Sylvain DALLA ROSA<\/span><\/span><\/p>\n","protected":false},"excerpt":{"rendered":"<p>Les r\u00e9cents chiffres de la d\u00e9mographie sont un indice r\u00e9v\u00e9lateur du d\u00e9veloppement d\u2019un pays. Ceux-ci r\u00e9v\u00e9l\u00e9s en mai dernier font appara\u00eetre un solde n\u00e9gatif actuel sur le plan national. Sur l\u2019ann\u00e9e \u00e9coul\u00e9e il y dans notre pays 651 200 d\u00e9c\u00e8s contre 650 400 naissances (chiffres INSEE). Les cons\u00e9quences ne sont pas totalement imputables au COVID19. [&hellip;]<\/p>\n","protected":false},"author":4,"featured_media":0,"comment_status":"closed","ping_status":"open","sticky":false,"template":"","format":"standard","meta":{"saved_in_kubio":false,"footnotes":""},"categories":[1],"tags":[],"class_list":["post-3615","post","type-post","status-publish","format-standard","hentry","category-non-classe"],"_links":{"self":[{"href":"https:\/\/pcf08.com\/index.php\/wp-json\/wp\/v2\/posts\/3615","targetHints":{"allow":["GET"]}}],"collection":[{"href":"https:\/\/pcf08.com\/index.php\/wp-json\/wp\/v2\/posts"}],"about":[{"href":"https:\/\/pcf08.com\/index.php\/wp-json\/wp\/v2\/types\/post"}],"author":[{"embeddable":true,"href":"https:\/\/pcf08.com\/index.php\/wp-json\/wp\/v2\/users\/4"}],"replies":[{"embeddable":true,"href":"https:\/\/pcf08.com\/index.php\/wp-json\/wp\/v2\/comments?post=3615"}],"version-history":[{"count":1,"href":"https:\/\/pcf08.com\/index.php\/wp-json\/wp\/v2\/posts\/3615\/revisions"}],"predecessor-version":[{"id":3617,"href":"https:\/\/pcf08.com\/index.php\/wp-json\/wp\/v2\/posts\/3615\/revisions\/3617"}],"wp:attachment":[{"href":"https:\/\/pcf08.com\/index.php\/wp-json\/wp\/v2\/media?parent=3615"}],"wp:term":[{"taxonomy":"category","embeddable":true,"href":"https:\/\/pcf08.com\/index.php\/wp-json\/wp\/v2\/categories?post=3615"},{"taxonomy":"post_tag","embeddable":true,"href":"https:\/\/pcf08.com\/index.php\/wp-json\/wp\/v2\/tags?post=3615"}],"curies":[{"name":"wp","href":"https:\/\/api.w.org\/{rel}","templated":true}]}}