{"id":3612,"date":"2025-11-06T13:21:55","date_gmt":"2025-11-06T12:21:55","guid":{"rendered":"https:\/\/pcf08.com\/?p=3612"},"modified":"2025-11-06T13:21:55","modified_gmt":"2025-11-06T12:21:55","slug":"attention-danger-2","status":"publish","type":"post","link":"https:\/\/pcf08.com\/index.php\/2025\/11\/06\/attention-danger-2\/","title":{"rendered":"Attention danger\u00a0!"},"content":{"rendered":"<p align=\"justify\"><span style=\"font-family: Calibri, sans-serif;\"><span style=\"font-size: medium;\"><img loading=\"lazy\" decoding=\"async\" class=\"size-medium wp-image-3613 alignleft\" src=\"https:\/\/pcf08.com\/wp-content\/uploads\/2025\/11\/newyork-300x200.jpg\" alt=\"\" width=\"300\" height=\"200\" srcset=\"https:\/\/pcf08.com\/wp-content\/uploads\/2025\/11\/newyork-300x200.jpg 300w, https:\/\/pcf08.com\/wp-content\/uploads\/2025\/11\/newyork-1024x683.jpg 1024w, https:\/\/pcf08.com\/wp-content\/uploads\/2025\/11\/newyork-768x512.jpg 768w, https:\/\/pcf08.com\/wp-content\/uploads\/2025\/11\/newyork-272x182.jpg 272w, https:\/\/pcf08.com\/wp-content\/uploads\/2025\/11\/newyork.jpg 1200w\" sizes=\"(max-width: 300px) 100vw, 300px\" \/>Nous traversons une p\u00e9riode troubl\u00e9e, la mont\u00e9e de l\u2019extr\u00eame droite internationalement, comme nationalement prend des proportions inqui\u00e9tantes pour la d\u00e9mocratie.<\/span><\/span><\/p>\n<p align=\"justify\"><span style=\"font-family: Calibri, sans-serif;\"><span style=\"font-size: medium;\">Le \u2018\u2019trumpisme\u2019\u2019 devient un exemple en mati\u00e8re politique. Tous les travers de l\u2019autoritarisme, le d\u00e9ni de la d\u00e9mocratie, la protection des ultras riches, la x\u00e9nophobie, le scepticisme climatique, la panoplie est compl\u00e8te.<\/span><\/span><\/p>\n<p align=\"justify\"><span style=\"font-family: Calibri, sans-serif;\"><span style=\"font-size: medium;\">Le danger que repr\u00e9sente ce ph\u00e9nom\u00e8ne plus qu\u2019inqui\u00e9tant a largement travers\u00e9 l\u2019Atlantique et commence \u00e0 \u00eatre bien visible en Europe, sans que notre Nation en soit \u00e9pargn\u00e9e.<\/span><\/span><\/p>\n<p align=\"justify\"><span style=\"font-family: Calibri, sans-serif;\"><span style=\"font-size: medium;\">Cette d\u00e9rive vers le totalitarisme, \u00e9voquant un retour vers une soci\u00e9t\u00e9 digne du XIXe si\u00e8cle est le r\u00e9sultat du comportement irrationnel du despotique locataire de l\u2019\u00c9lys\u00e9e avec une v\u00e9ritable acc\u00e9l\u00e9ration depuis la dissolution de l\u2019Assembl\u00e9e Nationale de juin 2024. <\/span><\/span><\/p>\n<p align=\"justify\"><span style=\"font-family: Calibri, sans-serif;\"><span style=\"font-size: medium;\">La d\u00e9sillusion cr\u00e9\u00e9e par l\u2019application de la politique ultra lib\u00e9rale des diff\u00e9rents Premiers Ministres et leurs gouvernements, depuis cette incompr\u00e9hensible dissolution, n\u2019a fait que donner encore plus d\u2019\u00e9lan \u00e0 cette vague d\u2019id\u00e9es r\u00e9actionnaires.<\/span><\/span><\/p>\n<p align=\"justify\"><span style=\"font-family: Calibri, sans-serif;\"><span style=\"font-size: medium;\">L\u2019actuel gouvernement, nomm\u00e9 une fois de plus dans le d\u00e9ni le plus total de la derni\u00e8re consultation \u00e9lectorale, ne fait que tendre la main \u00e0 la droite la plus radicale.<\/span><\/span><\/p>\n<p align=\"justify\"><span style=\"font-family: Calibri, sans-serif;\"><span style=\"font-size: medium;\">Il va falloir que toutes les forces vives, progressistes et d\u00e9mocratiques port\u00e9es par ses militants et sympathisants arrivent \u00e0 une mobilisation sans faille pour d\u00e9montrer que l\u2019extr\u00eame droite n\u2019est pas porteuse de solution pour arriver \u00e0 une soci\u00e9t\u00e9 \u00e9galitaire o\u00f9 chacun vit dignement de son travail, \u00e0 l\u2019accessibilit\u00e9 au meilleur en mati\u00e8re de soins, d\u2019\u00e9ducation, de services publics et de culture.<\/span><\/span><\/p>\n<p align=\"justify\"><span style=\"font-family: Calibri, sans-serif;\"><span style=\"font-size: medium;\">L\u2019extr\u00eame droite est porteuse du recul des droits humains, de l\u2019accroissement des in\u00e9galit\u00e9s, de l\u2019instauration d\u2019un climat de haine et de violence, de l\u2019affaiblissement des institutions d\u00e9mocratiques, sans oublier la n\u00e9gation du changement climatique et la dissolution des droits syndicaux.<\/span><\/span><\/p>\n<p align=\"justify\"><span style=\"font-family: Calibri, sans-serif;\"><span style=\"font-size: medium;\">L\u2019exemple des lois vot\u00e9es par les d\u00e9put\u00e9s du RN en sont une parfaite illustration. <\/span><\/span><\/p>\n<p align=\"justify\"><span style=\"font-family: Calibri, sans-serif;\"><span style=\"font-size: medium;\">Cette pouss\u00e9e d\u2019extr\u00eame droite dirig\u00e9e par une classe dominante avide de profits non partag\u00e9s est un d\u00e9fi pour les soci\u00e9t\u00e9s d\u00e9mocratiques porteuses des valeurs essentielles que sont la libert\u00e9 et le droit au bien vivre.<\/span><\/span><\/p>\n<p align=\"justify\"><span style=\"font-family: Calibri, sans-serif;\"><span style=\"font-size: medium;\">Ce ph\u00e9nom\u00e8ne n\u2019est pas inexorable, ni irr\u00e9versible. Les New-yorkais , les Irlandais et les N\u00e9erlandais, dans une moindre mesure viennent de le prouver. <\/span><\/span><\/p>\n<p align=\"right\"><span style=\"font-family: Calibri, sans-serif;\"><span style=\"font-size: medium;\">Patrick LATTUADA<\/span><\/span><\/p>\n","protected":false},"excerpt":{"rendered":"<p>Nous traversons une p\u00e9riode troubl\u00e9e, la mont\u00e9e de l\u2019extr\u00eame droite internationalement, comme nationalement prend des proportions inqui\u00e9tantes pour la d\u00e9mocratie. Le \u2018\u2019trumpisme\u2019\u2019 devient un exemple en mati\u00e8re politique. Tous les travers de l\u2019autoritarisme, le d\u00e9ni de la d\u00e9mocratie, la protection des ultras riches, la x\u00e9nophobie, le scepticisme climatique, la panoplie est compl\u00e8te. Le danger que [&hellip;]<\/p>\n","protected":false},"author":4,"featured_media":0,"comment_status":"closed","ping_status":"open","sticky":false,"template":"","format":"standard","meta":{"saved_in_kubio":false,"footnotes":""},"categories":[1],"tags":[],"class_list":["post-3612","post","type-post","status-publish","format-standard","hentry","category-non-classe"],"_links":{"self":[{"href":"https:\/\/pcf08.com\/index.php\/wp-json\/wp\/v2\/posts\/3612","targetHints":{"allow":["GET"]}}],"collection":[{"href":"https:\/\/pcf08.com\/index.php\/wp-json\/wp\/v2\/posts"}],"about":[{"href":"https:\/\/pcf08.com\/index.php\/wp-json\/wp\/v2\/types\/post"}],"author":[{"embeddable":true,"href":"https:\/\/pcf08.com\/index.php\/wp-json\/wp\/v2\/users\/4"}],"replies":[{"embeddable":true,"href":"https:\/\/pcf08.com\/index.php\/wp-json\/wp\/v2\/comments?post=3612"}],"version-history":[{"count":1,"href":"https:\/\/pcf08.com\/index.php\/wp-json\/wp\/v2\/posts\/3612\/revisions"}],"predecessor-version":[{"id":3614,"href":"https:\/\/pcf08.com\/index.php\/wp-json\/wp\/v2\/posts\/3612\/revisions\/3614"}],"wp:attachment":[{"href":"https:\/\/pcf08.com\/index.php\/wp-json\/wp\/v2\/media?parent=3612"}],"wp:term":[{"taxonomy":"category","embeddable":true,"href":"https:\/\/pcf08.com\/index.php\/wp-json\/wp\/v2\/categories?post=3612"},{"taxonomy":"post_tag","embeddable":true,"href":"https:\/\/pcf08.com\/index.php\/wp-json\/wp\/v2\/tags?post=3612"}],"curies":[{"name":"wp","href":"https:\/\/api.w.org\/{rel}","templated":true}]}}