{"id":3609,"date":"2025-11-06T13:20:32","date_gmt":"2025-11-06T12:20:32","guid":{"rendered":"https:\/\/pcf08.com\/?p=3609"},"modified":"2025-11-06T13:20:32","modified_gmt":"2025-11-06T12:20:32","slug":"cop-30-bis-repetita","status":"publish","type":"post","link":"https:\/\/pcf08.com\/index.php\/2025\/11\/06\/cop-30-bis-repetita\/","title":{"rendered":"COP 30\u00a0: bis repetita\u00a0!\u2026"},"content":{"rendered":"<p align=\"justify\"><span style=\"font-family: Calibri, sans-serif;\"><span style=\"font-size: medium;\"><img loading=\"lazy\" decoding=\"async\" class=\"size-medium wp-image-3610 alignleft\" src=\"https:\/\/pcf08.com\/wp-content\/uploads\/2025\/11\/edito-7-300x169.jpg\" alt=\"\" width=\"300\" height=\"169\" srcset=\"https:\/\/pcf08.com\/wp-content\/uploads\/2025\/11\/edito-7-300x169.jpg 300w, https:\/\/pcf08.com\/wp-content\/uploads\/2025\/11\/edito-7-768x432.jpg 768w, https:\/\/pcf08.com\/wp-content\/uploads\/2025\/11\/edito-7.jpg 800w\" sizes=\"(max-width: 300px) 100vw, 300px\" \/>L\u2019\u00e9dito du NDA du 14\/12\/23 \u00e9tait consacr\u00e9 \u00e0 la COP 28 avec un constat alarmant. <\/span><\/span><\/p>\n<p align=\"justify\"><span style=\"font-family: Calibri, sans-serif;\"><span style=\"font-size: medium;\">Il s\u2019est pass\u00e9 la COP 29\u2026<\/span><\/span><\/p>\n<p align=\"justify\"><span style=\"font-family: Calibri, sans-serif;\"><span style=\"font-size: medium;\">La COP 30 aura lieu dans quelques jours au Br\u00e9sil. Hautement symbolique puisque la for\u00eat amazonienne, poumon de la plan\u00e8te bleue, est victime d\u2019une d\u00e9forestation sans limite.<\/span><\/span><\/p>\n<p align=\"justify\"><span style=\"font-family: Calibri, sans-serif;\"><span style=\"font-size: medium;\">L\u2019habitabilit\u00e9 de la Terre int\u00e9resse-t-elle encore nos dirigeants\u00a0?<\/span><\/span><\/p>\n<p align=\"justify\"><span style=\"font-family: Calibri, sans-serif;\"><span style=\"font-size: medium;\">Elon Musk veut coloniser la plan\u00e8te Mars\u00a0!\u2026<\/span><\/span><\/p>\n<p align=\"justify\"><span style=\"font-family: Calibri, sans-serif;\"><span style=\"font-size: medium;\">Les signaux d\u2019alerte envoy\u00e9s par la plan\u00e8te sont pourtant sans appel\u00a0: incendies gigantesques, inondations, temp\u00eates, tornades, ouragans, chaleur insoutenable, s\u00e9cheresse\u2026<\/span><\/span><\/p>\n<p align=\"justify\"><span style=\"font-family: Calibri, sans-serif;\"><span style=\"font-size: medium;\">Il va \u00eatre tr\u00e8s compliqu\u00e9 voire impossible de revenir en arri\u00e8re toute si nous ne changeons rien maintenant.<\/span><\/span><\/p>\n<p align=\"justify\"><span style=\"font-family: Calibri, sans-serif;\"><span style=\"font-size: medium;\">Nous nous appr\u00eatons \u00e0 \u00ab\u00a0c\u00e9l\u00e9brer\u00a0\u00bb les 10 ans de l\u2019accord de Paris. Le constat est sans appel. Malgr\u00e9 toutes les limites et insuffisances de cet accord, le r\u00e9sultat est accablant.<\/span><\/span><\/p>\n<p align=\"justify\"><span style=\"font-family: Calibri, sans-serif;\"><span style=\"font-size: medium;\">Trump l\u2019a jet\u00e9 aux oubliettes consid\u00e9rant que le changement climatique serait \u00ab\u00a0la plus grande arnaque men\u00e9e contre le monde\u00a0\u00bb. Mais quel monde\u00a0? Certainement et sans aucun doute celui d\u2019un capitalisme d\u00e9brid\u00e9 fond\u00e9 sur la croissance infinie, la captation et la privatisation des ressources et la mise en concurrence g\u00e9n\u00e9ralis\u00e9e. Le pr\u00e9sident des \u00c9tats-Unis a m\u00eame pouss\u00e9 le bouchon en d\u00e9clarant fin septembre \u00e0 la tribune de l\u2019ONU, je cite, \u00ab\u00a0ils disaient que le r\u00e9chauffement climatique allait tuer le monde\u2026 Mais ensuite il a commenc\u00e9 \u00e0 faire froid\u00a0\u00bb\u00a0!!!\u2026 Comme ambassadeur plus z\u00e9l\u00e9, on ne peut gu\u00e8re faire mieux et les lobbyistes des \u00e9nergies fossiles et polluantes peuvent continuer \u00e0 dormir sur leurs deux oreilles.<\/span><\/span><\/p>\n<p align=\"justify\"><span style=\"font-family: Calibri, sans-serif;\"><span style=\"font-size: medium;\">Pourtant, le d\u00e9passement du seuil de 1,5\u00a0% est consid\u00e9r\u00e9 par les diff\u00e9rents scientifiques de diff\u00e9rents pays comme in\u00e9luctable. L\u2019espoir de respecter le 1<sup>er<\/sup> totem de l\u2019accord de Paris est donc balay\u00e9.<\/span><\/span><\/p>\n<p align=\"justify\"><span style=\"font-family: Calibri, sans-serif;\"><span style=\"font-size: medium;\">Pour ne parler que de la France, l\u2019objectif est de r\u00e9duire les \u00e9missions de gaz \u00e0 effet de serre de 40\u00a0% par rapport aux niveaux de 1990. O\u00f9 en est-on aujourd\u2019hui\u00a0?\u2026 En 2024, les \u00e9missions de gaz \u00e0 effet de serre ont diminu\u00e9 de 0,9\u00a0%, nettement moins qu\u2019en 2023. En 2025, le taux de r\u00e9duction pr\u00e9vu est de 0,8\u00a0%, le ralentissement par rapport \u00e0 nos aspirations est donc bien en de\u00e7\u00e0 de nos ambitions et il va \u00eatre tr\u00e8s difficile voire impossible de parvenir au but fix\u00e9, soit moins 4,5\u00a0% en 2030.<\/span><\/span><\/p>\n<p align=\"justify\"><span style=\"font-family: Calibri, sans-serif;\"><span style=\"font-size: medium;\">Il est bien beau de verser des larmes de crocodile sur la dette que nous laisserions \u00e0 nos enfants mais qu\u2019ils h\u00e9ritent d\u2019une plan\u00e8te invivable ne d\u00e9range pas les \u00ab\u00a0courageux\u00a0\u00bb qui veulent d\u00e9cider de leur destin. Preuve en est, l\u2019imp\u00f4t sur la fortune climatique rejet\u00e9e \u00e0 l\u2019Assembl\u00e9e nationale\u00a0!<\/span><\/span><\/p>\n<p align=\"justify\"><span style=\"font-family: Calibri, sans-serif;\"><span style=\"font-size: medium;\">La COP 30 sera donc un moment de v\u00e9rit\u00e9 mais la session de premi\u00e8res n\u00e9gociations organis\u00e9e en juin dernier \u00e0 Bonn n\u2019augure rien de positif. Entre autres, pas de taxe sur les entreprises polluantes\u00a0!<\/span><\/span><\/p>\n<p align=\"justify\"><span style=\"font-family: Calibri, sans-serif;\"><span style=\"font-size: medium;\">L\u2019espoir ne peut venir que du sommet des peuples qui se r\u00e9unira en marge de la COP. La soci\u00e9t\u00e9 civile va se rassembler, citoyens, associations, syndicalistes, paysans\u2026 Ils vont porter une m\u00eame exigence, celle de la justice climatique et sociale. Ils vont crier haut et fort que ce sont les logiques d\u2019exploitation qui \u00e9puisent non seulement la terre mais aussi les travailleurs et les populations.<\/span><\/span><\/p>\n<p align=\"justify\"><span style=\"font-family: Calibri, sans-serif;\"><span style=\"font-size: medium;\">La lutte pour la pr\u00e9servation de la plan\u00e8te et celle de la dignit\u00e9 humaine ne forment qu\u2019un seul et m\u00eame combat.<\/span><\/span><\/p>\n<p align=\"justify\"><span style=\"font-family: Calibri, sans-serif;\"><span style=\"font-size: medium;\">La conclusion de cet \u00e9ditorial reste le m\u00eame\u00a0: pour des \u00ab\u00a0Jours Heureux\u00a0\u00bb, l\u2019engagement pour le climat est essentiel. Le programme pour l\u00a0\u2018\u00e9cologie, empreinte 2050, est toujours consultable\u00a0: <\/span><\/span><\/p>\n<p><span style=\"font-family: Calibri, sans-serif;\"><span style=\"font-size: medium;\"><a class=\"western\" href=\"https:\/\/revue-progressistes.org\/wp-content\/uploads\/2023\/11\/Empreinte2050.pdf\">https:\/\/revue-progressistes.org\/wp-content\/uploads\/2023\/11\/Empreinte2050.pdf<\/a><\/span><\/span><\/p>\n<p align=\"right\"><span style=\"font-family: Calibri, sans-serif;\"><span style=\"font-size: medium;\"> Corine POSTAL<\/span><\/span><\/p>\n","protected":false},"excerpt":{"rendered":"<p>L\u2019\u00e9dito du NDA du 14\/12\/23 \u00e9tait consacr\u00e9 \u00e0 la COP 28 avec un constat alarmant. Il s\u2019est pass\u00e9 la COP 29\u2026 La COP 30 aura lieu dans quelques jours au Br\u00e9sil. Hautement symbolique puisque la for\u00eat amazonienne, poumon de la plan\u00e8te bleue, est victime d\u2019une d\u00e9forestation sans limite. L\u2019habitabilit\u00e9 de la Terre int\u00e9resse-t-elle encore nos [&hellip;]<\/p>\n","protected":false},"author":4,"featured_media":0,"comment_status":"closed","ping_status":"open","sticky":false,"template":"","format":"standard","meta":{"saved_in_kubio":false,"footnotes":""},"categories":[1],"tags":[],"class_list":["post-3609","post","type-post","status-publish","format-standard","hentry","category-non-classe"],"_links":{"self":[{"href":"https:\/\/pcf08.com\/index.php\/wp-json\/wp\/v2\/posts\/3609","targetHints":{"allow":["GET"]}}],"collection":[{"href":"https:\/\/pcf08.com\/index.php\/wp-json\/wp\/v2\/posts"}],"about":[{"href":"https:\/\/pcf08.com\/index.php\/wp-json\/wp\/v2\/types\/post"}],"author":[{"embeddable":true,"href":"https:\/\/pcf08.com\/index.php\/wp-json\/wp\/v2\/users\/4"}],"replies":[{"embeddable":true,"href":"https:\/\/pcf08.com\/index.php\/wp-json\/wp\/v2\/comments?post=3609"}],"version-history":[{"count":1,"href":"https:\/\/pcf08.com\/index.php\/wp-json\/wp\/v2\/posts\/3609\/revisions"}],"predecessor-version":[{"id":3611,"href":"https:\/\/pcf08.com\/index.php\/wp-json\/wp\/v2\/posts\/3609\/revisions\/3611"}],"wp:attachment":[{"href":"https:\/\/pcf08.com\/index.php\/wp-json\/wp\/v2\/media?parent=3609"}],"wp:term":[{"taxonomy":"category","embeddable":true,"href":"https:\/\/pcf08.com\/index.php\/wp-json\/wp\/v2\/categories?post=3609"},{"taxonomy":"post_tag","embeddable":true,"href":"https:\/\/pcf08.com\/index.php\/wp-json\/wp\/v2\/tags?post=3609"}],"curies":[{"name":"wp","href":"https:\/\/api.w.org\/{rel}","templated":true}]}}