{"id":3600,"date":"2025-10-30T11:05:17","date_gmt":"2025-10-30T10:05:17","guid":{"rendered":"https:\/\/pcf08.com\/?p=3600"},"modified":"2025-10-30T11:05:17","modified_gmt":"2025-10-30T10:05:17","slug":"la-dette-la-dette-la-dette","status":"publish","type":"post","link":"https:\/\/pcf08.com\/index.php\/2025\/10\/30\/la-dette-la-dette-la-dette\/","title":{"rendered":"La dette, la dette, la dette\u2026"},"content":{"rendered":"<p align=\"justify\"><span style=\"font-family: Calibri, sans-serif;\"><span style=\"font-size: medium;\"><img loading=\"lazy\" decoding=\"async\" class=\"size-medium wp-image-3601 alignleft\" src=\"https:\/\/pcf08.com\/wp-content\/uploads\/2025\/10\/dette-240x300.jpg\" alt=\"\" width=\"240\" height=\"300\" srcset=\"https:\/\/pcf08.com\/wp-content\/uploads\/2025\/10\/dette-240x300.jpg 240w, https:\/\/pcf08.com\/wp-content\/uploads\/2025\/10\/dette-819x1024.jpg 819w, https:\/\/pcf08.com\/wp-content\/uploads\/2025\/10\/dette-768x960.jpg 768w, https:\/\/pcf08.com\/wp-content\/uploads\/2025\/10\/dette.jpg 1080w\" sizes=\"(max-width: 240px) 100vw, 240px\" \/>Vendredi dernier, l\u2019Assembl\u00e9e nationale a commenc\u00e9 un marathon, le projet de loi de finances du budget de l\u2019\u00c9tat. Presque simultan\u00e9ment, la commission des Affaires sociales commence l\u2019\u00e9tude du projet de loi de financement de la S\u00e9curit\u00e9 Sociale.<\/span><\/span><\/p>\n<p align=\"justify\"><span style=\"font-family: Calibri, sans-serif;\"><span style=\"font-size: medium;\">L\u2019abandon de l\u2019article 49-3 de la constitution a tout d\u2019une entourloupe car le gouvernement dispose de beaucoup d\u2019armes constitutionnelles pour saboter le travail parlementaire, le risque pour lui \u00e9tant une nouvelle censure.<\/span><\/span><\/p>\n<p align=\"justify\"><span style=\"font-family: Calibri, sans-serif;\"><span style=\"font-size: medium;\">N\u00e9anmoins, sans majorit\u00e9, le d\u00e9bat peut avoir lieu et l\u2019adoption des deux projets budg\u00e9taires va se compliquer. Le projet de l\u2019ex\u00e9cutif est antisocial et ressemble en pire \u00e0 celui de Barnier, Bayrou et compagnie. Ann\u00e9e \u00ab\u00a0blanche\u00a0\u00bb rimant avec ann\u00e9e noire pour les classes populaires et moyennes, les travailleurs, les retrait\u00e9s, les \u00e9tudiants, les ch\u00f4meurs, les familles. <\/span><\/span><\/p>\n<p align=\"justify\"><span style=\"font-family: Calibri, sans-serif;\"><span style=\"font-size: medium;\">Except\u00e9 le minist\u00e8re des Arm\u00e9es, tous les autres souffriront du frein de la d\u00e9pense\u00a0; la sant\u00e9, l\u2019\u00e9ducation nationale pour ne citer que deux d\u2019entre eux. Refus cat\u00e9gorique de taxer les tr\u00e8s hauts revenus et les tr\u00e8s hauts patrimoines qui esquivent l\u2019imp\u00f4t pour le faire peser sur les travailleurs et les retrait\u00e9s.<\/span><\/span><\/p>\n<p align=\"justify\"><span style=\"font-family: Calibri, sans-serif;\"><span style=\"font-size: medium;\">La suspension de la r\u00e9forme des retraites qui se r\u00e9sume \u00e0 un d\u00e9calage de son application serait en partie pay\u00e9e par les retrait\u00e9s, un comble\u00a0!!!<\/span><\/span><\/p>\n<p align=\"justify\"><span style=\"font-family: Calibri, sans-serif;\"><span style=\"font-size: medium;\">En 2024, la gauche avait ajout\u00e9 des rentr\u00e9es fiscales sur les multinationales et les plus riches qui se comptait en dizaines de milliards d\u2019euros. M\u00eame si le texte n\u2019avait pas \u00e9t\u00e9 adopt\u00e9, la bataille culturelle s\u2019est jou\u00e9e l\u00e0.<\/span><\/span><\/p>\n<p align=\"justify\"><span style=\"font-family: Calibri, sans-serif;\"><span style=\"font-size: medium;\">En 2025, le premier ministre Lecornu a pr\u00e9venu, il n\u2019acceptera pas n\u2019importe quoi\u00a0!<\/span><\/span><\/p>\n<p align=\"justify\"><span style=\"font-family: Calibri, sans-serif;\"><span style=\"font-size: medium;\">Entre la disette pour toujours et pour toujours les m\u00eames et la protection des plus riches avec un projet budg\u00e9taire clairement en d\u00e9faveur des classes moyennes et populaires, l\u2019\u00e9quation se r\u00e9v\u00e8le insoluble et la censure arrivera, quand\u00a0?&#8230;<\/span><\/span><\/p>\n<p align=\"justify\"><span style=\"font-family: Calibri, sans-serif;\"><span style=\"font-size: medium;\">Et n\u2019oublions pas, l\u2019extr\u00eame droite qui, main sur le c\u0153ur, pr\u00e9tend d\u00e9fendre les petites gens mais assume de plus en plus son identit\u00e9 lib\u00e9rale et pro-entreprises business. Le RN a d\u00e9j\u00e0 pr\u00e9venu qu\u2019il ne votera la taxe Zucman et la Macronie devra \u00e0 nouveau compter sur le RN pour se sauver et sauver les riches\u00a0!<\/span><\/span><\/p>\n<p align=\"justify\"><span style=\"font-family: Calibri, sans-serif;\"><span style=\"font-size: medium;\">Le d\u00e9bat ne fait que commencer et les communistes y prendront toute leur part.<\/span><\/span><\/p>\n<p align=\"right\"><span style=\"font-family: Calibri, sans-serif;\"><span style=\"font-size: medium;\"> Corine POSTAL <\/span><\/span><\/p>\n","protected":false},"excerpt":{"rendered":"<p>Vendredi dernier, l\u2019Assembl\u00e9e nationale a commenc\u00e9 un marathon, le projet de loi de finances du budget de l\u2019\u00c9tat. Presque simultan\u00e9ment, la commission des Affaires sociales commence l\u2019\u00e9tude du projet de loi de financement de la S\u00e9curit\u00e9 Sociale. L\u2019abandon de l\u2019article 49-3 de la constitution a tout d\u2019une entourloupe car le gouvernement dispose de beaucoup d\u2019armes [&hellip;]<\/p>\n","protected":false},"author":4,"featured_media":0,"comment_status":"closed","ping_status":"open","sticky":false,"template":"","format":"standard","meta":{"saved_in_kubio":false,"footnotes":""},"categories":[1],"tags":[],"class_list":["post-3600","post","type-post","status-publish","format-standard","hentry","category-non-classe"],"_links":{"self":[{"href":"https:\/\/pcf08.com\/index.php\/wp-json\/wp\/v2\/posts\/3600","targetHints":{"allow":["GET"]}}],"collection":[{"href":"https:\/\/pcf08.com\/index.php\/wp-json\/wp\/v2\/posts"}],"about":[{"href":"https:\/\/pcf08.com\/index.php\/wp-json\/wp\/v2\/types\/post"}],"author":[{"embeddable":true,"href":"https:\/\/pcf08.com\/index.php\/wp-json\/wp\/v2\/users\/4"}],"replies":[{"embeddable":true,"href":"https:\/\/pcf08.com\/index.php\/wp-json\/wp\/v2\/comments?post=3600"}],"version-history":[{"count":1,"href":"https:\/\/pcf08.com\/index.php\/wp-json\/wp\/v2\/posts\/3600\/revisions"}],"predecessor-version":[{"id":3602,"href":"https:\/\/pcf08.com\/index.php\/wp-json\/wp\/v2\/posts\/3600\/revisions\/3602"}],"wp:attachment":[{"href":"https:\/\/pcf08.com\/index.php\/wp-json\/wp\/v2\/media?parent=3600"}],"wp:term":[{"taxonomy":"category","embeddable":true,"href":"https:\/\/pcf08.com\/index.php\/wp-json\/wp\/v2\/categories?post=3600"},{"taxonomy":"post_tag","embeddable":true,"href":"https:\/\/pcf08.com\/index.php\/wp-json\/wp\/v2\/tags?post=3600"}],"curies":[{"name":"wp","href":"https:\/\/api.w.org\/{rel}","templated":true}]}}