{"id":3587,"date":"2025-10-16T12:21:56","date_gmt":"2025-10-16T10:21:56","guid":{"rendered":"https:\/\/pcf08.com\/?p=3587"},"modified":"2025-10-16T12:21:56","modified_gmt":"2025-10-16T10:21:56","slug":"rassemblement-pour-lhopital-a-rethel","status":"publish","type":"post","link":"https:\/\/pcf08.com\/index.php\/2025\/10\/16\/rassemblement-pour-lhopital-a-rethel\/","title":{"rendered":"Rassemblement pour l\u2019h\u00f4pital \u00e0 Rethel"},"content":{"rendered":"<p align=\"justify\"><span style=\"color: #444444;\"><span style=\"font-family: Calibri, sans-serif;\"><span style=\"font-size: medium;\"><img loading=\"lazy\" decoding=\"async\" class=\"size-medium wp-image-3588 alignleft\" src=\"https:\/\/pcf08.com\/wp-content\/uploads\/2025\/10\/4432457909652478292-2-300x209.jpg\" alt=\"\" width=\"300\" height=\"209\" srcset=\"https:\/\/pcf08.com\/wp-content\/uploads\/2025\/10\/4432457909652478292-2-300x209.jpg 300w, https:\/\/pcf08.com\/wp-content\/uploads\/2025\/10\/4432457909652478292-2.jpg 739w\" sizes=\"(max-width: 300px) 100vw, 300px\" \/>A l\u2019occasion de la journ\u00e9e d\u2019action de la CGT Sant\u00e9 et Action Sociale le 9 octobre, le syndicat CGT de l\u2019h\u00f4pital de Rethel avait organis\u00e9 un rassemblement auquel s\u2019\u00e9tait joint d\u2019autres militants de la CGT, dont la secr\u00e9taire de l\u2019UD CGT des Ardennes, mais aussi le Comit\u00e9 de d\u00e9fense des h\u00f4pitaux de proximit\u00e9 des Ardennes. Des habitant.e.s du Reth\u00e9lois et du Vouzinois et le maire de Bouconville \u00e9taient venus manifester leur exigence du maintien et du d\u00e9veloppement du groupement hospitalier Sud Ardennes.<\/span><\/span><\/span><\/p>\n<p align=\"justify\"><span style=\"color: #444444;\"><span style=\"font-family: Calibri, sans-serif;\"><span style=\"font-size: medium;\">Le projet d\u2019une direction commune avec le CHU de Reims inqui\u00e8te : ne s\u2019agit-il pas de d\u00e9pouiller le GHSA (Groupement Hospitalier Sud Ardennes regroupant les sites de Rethel et Vouziers) au profit du CHU ? Par ailleurs, les r\u00e9centes d\u00e9clarations du maire de Vouziers, accusant les \u00e9lus parlant de menaces sur le SMUR de Vouziers de d\u00e9sinformation agacent : la suppression \u00e9ventuelle d\u2019un SMUR dans cette zone figure dans la derni\u00e8re r\u00e9vision du projet r\u00e9gional de sant\u00e9 du Grand Est. <\/span><\/span><\/span><\/p>\n<p align=\"justify\"><span style=\"color: #444444;\"><span style=\"font-family: Calibri, sans-serif;\"><span style=\"font-size: medium;\">Apr\u00e8s le rassemblement la semaine pr\u00e9c\u00e9dente \u00e0 Vouziers, l\u2019annonce de cette nouvelle mobilisation dans le Sud Ardennes a oblig\u00e9 l\u2019ARS \u00e0 sortir du bois\u00a0: elle s\u2019est fendue d\u2019un communiqu\u00e9 le jour m\u00eame annon\u00e7ant des cr\u00e9dits d\u2019investissement pour l\u2019h\u00f4pital de Rethel. Mais \u00e0 quoi sert du mat\u00e9riel sans personnel\u00a0? Et le communiqu\u00e9 reste tr\u00e8s \u00e9vasif sur la situation du service de soins non programm\u00e9s et du SMUR de Vouziers. Comme quoi la mobilisation est utile\u00a0! Il faut la continuer.<\/span><\/span><\/span><\/p>\n<p align=\"right\"><span style=\"color: #444444;\"><span style=\"font-family: Calibri, sans-serif;\"><span style=\"font-size: medium;\">Mich\u00e8le LEFLON<\/span><\/span><\/span><\/p>\n","protected":false},"excerpt":{"rendered":"<p>A l\u2019occasion de la journ\u00e9e d\u2019action de la CGT Sant\u00e9 et Action Sociale le 9 octobre, le syndicat CGT de l\u2019h\u00f4pital de Rethel avait organis\u00e9 un rassemblement auquel s\u2019\u00e9tait joint d\u2019autres militants de la CGT, dont la secr\u00e9taire de l\u2019UD CGT des Ardennes, mais aussi le Comit\u00e9 de d\u00e9fense des h\u00f4pitaux de proximit\u00e9 des Ardennes. [&hellip;]<\/p>\n","protected":false},"author":4,"featured_media":0,"comment_status":"closed","ping_status":"open","sticky":false,"template":"","format":"standard","meta":{"saved_in_kubio":false,"footnotes":""},"categories":[1],"tags":[],"class_list":["post-3587","post","type-post","status-publish","format-standard","hentry","category-non-classe"],"_links":{"self":[{"href":"https:\/\/pcf08.com\/index.php\/wp-json\/wp\/v2\/posts\/3587","targetHints":{"allow":["GET"]}}],"collection":[{"href":"https:\/\/pcf08.com\/index.php\/wp-json\/wp\/v2\/posts"}],"about":[{"href":"https:\/\/pcf08.com\/index.php\/wp-json\/wp\/v2\/types\/post"}],"author":[{"embeddable":true,"href":"https:\/\/pcf08.com\/index.php\/wp-json\/wp\/v2\/users\/4"}],"replies":[{"embeddable":true,"href":"https:\/\/pcf08.com\/index.php\/wp-json\/wp\/v2\/comments?post=3587"}],"version-history":[{"count":1,"href":"https:\/\/pcf08.com\/index.php\/wp-json\/wp\/v2\/posts\/3587\/revisions"}],"predecessor-version":[{"id":3589,"href":"https:\/\/pcf08.com\/index.php\/wp-json\/wp\/v2\/posts\/3587\/revisions\/3589"}],"wp:attachment":[{"href":"https:\/\/pcf08.com\/index.php\/wp-json\/wp\/v2\/media?parent=3587"}],"wp:term":[{"taxonomy":"category","embeddable":true,"href":"https:\/\/pcf08.com\/index.php\/wp-json\/wp\/v2\/categories?post=3587"},{"taxonomy":"post_tag","embeddable":true,"href":"https:\/\/pcf08.com\/index.php\/wp-json\/wp\/v2\/tags?post=3587"}],"curies":[{"name":"wp","href":"https:\/\/api.w.org\/{rel}","templated":true}]}}