{"id":3562,"date":"2025-10-08T15:26:13","date_gmt":"2025-10-08T13:26:13","guid":{"rendered":"https:\/\/pcf08.com\/?p=3562"},"modified":"2025-10-08T15:26:13","modified_gmt":"2025-10-08T13:26:13","slug":"une-centaine-de-personnes-a-vouziers-pour-defendre-lhopital","status":"publish","type":"post","link":"https:\/\/pcf08.com\/index.php\/2025\/10\/08\/une-centaine-de-personnes-a-vouziers-pour-defendre-lhopital\/","title":{"rendered":"Une centaine de personnes \u00e0 Vouziers pour d\u00e9fendre l\u2019h\u00f4pital"},"content":{"rendered":"<p align=\"justify\"><span style=\"color: #444444;\"><span style=\"font-family: Calibri, sans-serif;\"><span style=\"font-size: medium;\"><img loading=\"lazy\" decoding=\"async\" class=\"size-medium wp-image-3563 alignleft\" src=\"https:\/\/pcf08.com\/wp-content\/uploads\/2025\/10\/Vouziers-300x225.jpg\" alt=\"\" width=\"300\" height=\"225\" srcset=\"https:\/\/pcf08.com\/wp-content\/uploads\/2025\/10\/Vouziers-300x225.jpg 300w, https:\/\/pcf08.com\/wp-content\/uploads\/2025\/10\/Vouziers-768x576.jpg 768w, https:\/\/pcf08.com\/wp-content\/uploads\/2025\/10\/Vouziers.jpg 800w\" sizes=\"(max-width: 300px) 100vw, 300px\" \/>Une centaine de personnes se sont r\u00e9unies le 2 octobre au matin devant l\u2019h\u00f4pital de Vouziers pour dire non \u00e0 la r\u00e9duction de<\/span><\/span><\/span><span style=\"color: #444444;\"><span style=\"font-family: Calibri, sans-serif;\"><span style=\"font-size: medium;\">s heures d<\/span><\/span><\/span><span style=\"color: #444444;\"><span style=\"font-family: Calibri, sans-serif;\"><span style=\"font-size: medium;\">\u2019ouverture du service de soins non programm\u00e9s \u00e0 l\u2019appel de la Ligue des Droits de l\u2019Homme et du Comit\u00e9 de d\u00e9fense des H\u00f4pitaux de proximit\u00e9 des Ardennes\u00a0: parmi elles, des syndicalistes, des \u00e9lus.<\/span><\/span><\/span><\/p>\n<p align=\"justify\"><span style=\"color: #444444;\"><span style=\"font-family: Calibri, sans-serif;\"><span style=\"font-size: medium;\">N\u2019en d\u00e9plaise au maire de Vouziers, pr\u00e9sident du <\/span><\/span><\/span><span style=\"color: #444444;\"><span style=\"font-family: Calibri, sans-serif;\"><span style=\"font-size: medium;\">Conseil de Surveillance du <\/span><\/span><\/span><span style=\"color: #444444;\"><span style=\"font-family: Calibri, sans-serif;\"><span style=\"font-size: medium;\">GHSA <\/span><\/span><\/span><span style=\"color: #444444;\"><span style=\"font-family: Calibri, sans-serif;\"><span style=\"font-size: medium;\">(groupement hospitalier sud Ardenne)<\/span><\/span><\/span><span style=\"color: #444444;\"><span style=\"font-family: Calibri, sans-serif;\"><span style=\"font-size: medium;\">, la menace sur le SMUR n\u2019est pas une rumeur, mais est inscrite dans la r\u00e9vision de juillet 2025 des objectifs quantifi\u00e9s de l\u2019offre de soins du Projet R\u00e9gional de Sant\u00e9 du Grand Est. Il existe actuellement 5 SMUR dans la zone regroupant <\/span><\/span><\/span><span style=\"color: #444444;\"><span style=\"font-family: Calibri, sans-serif;\"><span style=\"font-size: medium;\">une grande partie de la<\/span><\/span><\/span><span style=\"color: #444444;\"><span style=\"font-family: Calibri, sans-serif;\"><span style=\"font-size: medium;\"> Marne et le Sud des Ardennes\u00a0: il pourrait ne plus y en avoir que 4 en 2028. <\/span><\/span><\/span><span style=\"color: #444444;\"><span style=\"font-family: Calibri, sans-serif;\"><span style=\"font-size: medium;\">Vouziers\u00a0? Ste Menehould\u00a0? Les deux ont besoin de leur SMUR\u00a0! Ce serait bien de ne pas faire la politique de l\u2019autruche mais d\u2019affirmer le refus d\u2019une suppression.<\/span><\/span><\/span><\/p>\n<p align=\"justify\"><span style=\"color: #444444;\"><span style=\"font-family: Calibri, sans-serif;\"><span style=\"font-size: medium;\">Ce jeudi 9 octobre, un nouveau rassemblement est pr\u00e9vu \u00e0 10 h place Hourtoule, devant l\u2019h\u00f4pital de Rethel dans le cadre d\u2019une journ\u00e9e de mobilisation nationale initi\u00e9e par la CGT sant\u00e9 <\/span><\/span><\/span><span style=\"color: #444444;\"><span style=\"font-family: Calibri, sans-serif;\"><span style=\"font-size: medium;\">action sociale contre les politiques aust\u00e9ritaires qui mettent \u00e0 mal notre syst\u00e8me de sant\u00e9. A Rethel un directeur provisoire a \u00e9t\u00e9 nomm\u00e9 pour mettre en place un plan d\u2019\u00e9conomie, avant l\u2019instauration d\u2019une direction commune avec le CHU de Reims et l\u2019exp\u00e9rience ailleurs en France montre qu\u2019une direction commune n\u2019est jamais favorable \u00e0 une offre de proximit\u00e9.<\/span><\/span><\/span><\/p>\n<p align=\"right\"><span style=\"color: #444444;\"><span style=\"font-family: Calibri, sans-serif;\"><span style=\"font-size: medium;\">Mich\u00e8le LEFLON<\/span><\/span><\/span><\/p>\n","protected":false},"excerpt":{"rendered":"<p>Une centaine de personnes se sont r\u00e9unies le 2 octobre au matin devant l\u2019h\u00f4pital de Vouziers pour dire non \u00e0 la r\u00e9duction des heures d\u2019ouverture du service de soins non programm\u00e9s \u00e0 l\u2019appel de la Ligue des Droits de l\u2019Homme et du Comit\u00e9 de d\u00e9fense des H\u00f4pitaux de proximit\u00e9 des Ardennes\u00a0: parmi elles, des syndicalistes, [&hellip;]<\/p>\n","protected":false},"author":4,"featured_media":0,"comment_status":"closed","ping_status":"open","sticky":false,"template":"","format":"standard","meta":{"saved_in_kubio":false,"footnotes":""},"categories":[1],"tags":[],"class_list":["post-3562","post","type-post","status-publish","format-standard","hentry","category-non-classe"],"_links":{"self":[{"href":"https:\/\/pcf08.com\/index.php\/wp-json\/wp\/v2\/posts\/3562","targetHints":{"allow":["GET"]}}],"collection":[{"href":"https:\/\/pcf08.com\/index.php\/wp-json\/wp\/v2\/posts"}],"about":[{"href":"https:\/\/pcf08.com\/index.php\/wp-json\/wp\/v2\/types\/post"}],"author":[{"embeddable":true,"href":"https:\/\/pcf08.com\/index.php\/wp-json\/wp\/v2\/users\/4"}],"replies":[{"embeddable":true,"href":"https:\/\/pcf08.com\/index.php\/wp-json\/wp\/v2\/comments?post=3562"}],"version-history":[{"count":1,"href":"https:\/\/pcf08.com\/index.php\/wp-json\/wp\/v2\/posts\/3562\/revisions"}],"predecessor-version":[{"id":3564,"href":"https:\/\/pcf08.com\/index.php\/wp-json\/wp\/v2\/posts\/3562\/revisions\/3564"}],"wp:attachment":[{"href":"https:\/\/pcf08.com\/index.php\/wp-json\/wp\/v2\/media?parent=3562"}],"wp:term":[{"taxonomy":"category","embeddable":true,"href":"https:\/\/pcf08.com\/index.php\/wp-json\/wp\/v2\/categories?post=3562"},{"taxonomy":"post_tag","embeddable":true,"href":"https:\/\/pcf08.com\/index.php\/wp-json\/wp\/v2\/tags?post=3562"}],"curies":[{"name":"wp","href":"https:\/\/api.w.org\/{rel}","templated":true}]}}