{"id":3559,"date":"2025-10-08T15:25:06","date_gmt":"2025-10-08T13:25:06","guid":{"rendered":"https:\/\/pcf08.com\/?p=3559"},"modified":"2025-10-08T15:25:06","modified_gmt":"2025-10-08T13:25:06","slug":"invitation","status":"publish","type":"post","link":"https:\/\/pcf08.com\/index.php\/2025\/10\/08\/invitation\/","title":{"rendered":"Invitation"},"content":{"rendered":"<p align=\"justify\"><span style=\"color: #020202;\"><span style=\"font-family: Calibri, sans-serif;\"><span style=\"font-size: medium;\"><img loading=\"lazy\" decoding=\"async\" class=\"size-medium wp-image-3560 alignleft\" src=\"https:\/\/pcf08.com\/wp-content\/uploads\/2025\/10\/Soiree-massacre-du-17-octobre-1961-212x300.jpg\" alt=\"\" width=\"212\" height=\"300\" srcset=\"https:\/\/pcf08.com\/wp-content\/uploads\/2025\/10\/Soiree-massacre-du-17-octobre-1961-212x300.jpg 212w, https:\/\/pcf08.com\/wp-content\/uploads\/2025\/10\/Soiree-massacre-du-17-octobre-1961-724x1024.jpg 724w, https:\/\/pcf08.com\/wp-content\/uploads\/2025\/10\/Soiree-massacre-du-17-octobre-1961-768x1086.jpg 768w, https:\/\/pcf08.com\/wp-content\/uploads\/2025\/10\/Soiree-massacre-du-17-octobre-1961-1086x1536.jpg 1086w, https:\/\/pcf08.com\/wp-content\/uploads\/2025\/10\/Soiree-massacre-du-17-octobre-1961.jpg 1414w\" sizes=\"(max-width: 212px) 100vw, 212px\" \/>Les 17 et 18 octobre 1961, lors d&rsquo;une manifestation non-violente contre le couvre-feu qui leur \u00e9tait impos\u00e9, des dizaines d&rsquo;Alg\u00e9riens \u00e9taient assassin\u00e9s \u00e0 Paris par des fonctionnaires de police aux ordres de leurs sup\u00e9rieurs. Depuis quarante ans, ce crime a \u00e9t\u00e9 occult\u00e9 ; pourtant, ces \u00e9v\u00e9nements, les plus meurtriers sur le sol de France depuis la deuxi\u00e8me guerre mondiale, ressemblent, par certains aspects, aux heures les plus sombres de la collaboration. Pourquoi cette histoire a-t-elle \u00e9t\u00e9 dissimul\u00e9e ? Dans quelles conditions, au nom de quelles raisons, des responsables d&rsquo;un \u00c9tat d\u00e9mocratique ont-ils cach\u00e9 l&rsquo;ampleur et la gravit\u00e9 de tels \u00e9v\u00e9nements ?<\/span><\/span><\/span><\/p>\n<p align=\"justify\"><span style=\"color: #020202;\"><span style=\"font-family: Calibri, sans-serif;\"><span style=\"font-size: medium;\">Au moment o\u00f9 l&rsquo;Assembl\u00e9e <\/span><\/span><\/span><span style=\"color: #020202;\"><span style=\"font-family: Calibri, sans-serif;\"><span style=\"font-size: medium;\">N<\/span><\/span><\/span><span style=\"color: #020202;\"><span style=\"font-family: Calibri, sans-serif;\"><span style=\"font-size: medium;\">ationale reconna\u00eet que la guerre d&rsquo;Alg\u00e9rie a eu lieu, ce film doit contribuer \u00e0 faire que les \u00e9v\u00e9nements du 17 octobre 1961 retrouvent toute leur place dans notre m\u00e9moire collective. Il est aujourd&rsquo;hui possible d&rsquo;int\u00e9grer ces pages refoul\u00e9es de notre histoire. Nous avons une responsabilit\u00e9 vis-\u00e0-vis des victimes de ce massacre et de leurs familles.<\/span><\/span><\/span><\/p>\n","protected":false},"excerpt":{"rendered":"<p>Les 17 et 18 octobre 1961, lors d&rsquo;une manifestation non-violente contre le couvre-feu qui leur \u00e9tait impos\u00e9, des dizaines d&rsquo;Alg\u00e9riens \u00e9taient assassin\u00e9s \u00e0 Paris par des fonctionnaires de police aux ordres de leurs sup\u00e9rieurs. Depuis quarante ans, ce crime a \u00e9t\u00e9 occult\u00e9 ; pourtant, ces \u00e9v\u00e9nements, les plus meurtriers sur le sol de France depuis [&hellip;]<\/p>\n","protected":false},"author":4,"featured_media":0,"comment_status":"closed","ping_status":"open","sticky":false,"template":"","format":"standard","meta":{"saved_in_kubio":false,"footnotes":""},"categories":[1],"tags":[],"class_list":["post-3559","post","type-post","status-publish","format-standard","hentry","category-non-classe"],"_links":{"self":[{"href":"https:\/\/pcf08.com\/index.php\/wp-json\/wp\/v2\/posts\/3559","targetHints":{"allow":["GET"]}}],"collection":[{"href":"https:\/\/pcf08.com\/index.php\/wp-json\/wp\/v2\/posts"}],"about":[{"href":"https:\/\/pcf08.com\/index.php\/wp-json\/wp\/v2\/types\/post"}],"author":[{"embeddable":true,"href":"https:\/\/pcf08.com\/index.php\/wp-json\/wp\/v2\/users\/4"}],"replies":[{"embeddable":true,"href":"https:\/\/pcf08.com\/index.php\/wp-json\/wp\/v2\/comments?post=3559"}],"version-history":[{"count":1,"href":"https:\/\/pcf08.com\/index.php\/wp-json\/wp\/v2\/posts\/3559\/revisions"}],"predecessor-version":[{"id":3561,"href":"https:\/\/pcf08.com\/index.php\/wp-json\/wp\/v2\/posts\/3559\/revisions\/3561"}],"wp:attachment":[{"href":"https:\/\/pcf08.com\/index.php\/wp-json\/wp\/v2\/media?parent=3559"}],"wp:term":[{"taxonomy":"category","embeddable":true,"href":"https:\/\/pcf08.com\/index.php\/wp-json\/wp\/v2\/categories?post=3559"},{"taxonomy":"post_tag","embeddable":true,"href":"https:\/\/pcf08.com\/index.php\/wp-json\/wp\/v2\/tags?post=3559"}],"curies":[{"name":"wp","href":"https:\/\/api.w.org\/{rel}","templated":true}]}}