{"id":3556,"date":"2025-10-08T15:23:58","date_gmt":"2025-10-08T13:23:58","guid":{"rendered":"https:\/\/pcf08.com\/?p=3556"},"modified":"2025-10-08T15:23:58","modified_gmt":"2025-10-08T13:23:58","slug":"une-vie-politique-loin-des-preoccupations-populaires","status":"publish","type":"post","link":"https:\/\/pcf08.com\/index.php\/2025\/10\/08\/une-vie-politique-loin-des-preoccupations-populaires\/","title":{"rendered":"Une vie politique loin des pr\u00e9occupations populaires"},"content":{"rendered":"<p align=\"justify\"><span style=\"color: #000000;\"><span style=\"font-family: Calibri, sans-serif;\"><span style=\"font-size: medium;\"><img loading=\"lazy\" decoding=\"async\" class=\"size-medium wp-image-3557 alignleft\" src=\"https:\/\/pcf08.com\/wp-content\/uploads\/2025\/10\/edito-28-240x300.jpg\" alt=\"\" width=\"240\" height=\"300\" srcset=\"https:\/\/pcf08.com\/wp-content\/uploads\/2025\/10\/edito-28-240x300.jpg 240w, https:\/\/pcf08.com\/wp-content\/uploads\/2025\/10\/edito-28-819x1024.jpg 819w, https:\/\/pcf08.com\/wp-content\/uploads\/2025\/10\/edito-28-768x960.jpg 768w, https:\/\/pcf08.com\/wp-content\/uploads\/2025\/10\/edito-28.jpg 1080w\" sizes=\"(max-width: 240px) 100vw, 240px\" \/>\u00c0 l&rsquo;\u00e9coute de France Info, le lendemain de la d\u00e9mission du Premier Ministre Lecornu -en poste durant 15h ! -, les commentateurs deviennent des critiques m\u00e9diocres d&rsquo;une vie politique s&rsquo;apparentant \u00e0 un mauvais vaudeville. Pendant que l&rsquo;un d\u00e9fend tels <\/span><\/span><\/span><span style=\"color: #000000;\"><span style=\"font-family: Calibri, sans-serif;\"><span style=\"font-size: medium;\">responsables <\/span><\/span><\/span><span style=\"color: #000000;\"><span style=\"font-family: Calibri, sans-serif;\"><span style=\"font-size: medium;\">politiques, l&rsquo;autre donne voix aux \u00e9lecteurs, tous s&rsquo;accordant sur les valeurs de la R\u00e9publique. <\/span><\/span><\/span><\/p>\n<p align=\"justify\"><span style=\"color: #000000;\"><span style=\"font-family: Calibri, sans-serif;\"><span style=\"font-size: medium;\">Mais de quelles valeurs parlons-nous \u00e0 l&rsquo;heure o\u00f9 la droite dite r\u00e9publicaine est pr\u00eate \u00e0 se compromettre compl\u00e8tement avec l&rsquo;extr\u00eame droite dans une union des droites naus\u00e9abonde ? <\/span><\/span><\/span><\/p>\n<p align=\"justify\"><span style=\"color: #000000;\"><span style=\"font-family: Calibri, sans-serif;\"><span style=\"font-size: medium;\">Est-ce que notre vie politique serait devenue une affligeante sc\u00e8ne de m\u00e9nage d&rsquo;un th\u00e9\u00e2tre de boulevard ? Les premiers ministres qui se succ\u00e8dent, un \u00e9tat sans budget, les r\u00e9sultats des derni\u00e8res l\u00e9gislatives non respect\u00e9es par un pr\u00e9sident hors sol. <\/span><\/span><\/span><\/p>\n<p align=\"justify\"><span style=\"color: #000000;\"><span style=\"font-family: Calibri, sans-serif;\"><span style=\"font-size: medium;\">Et pendant ce temps \u00e0 nos portes et au Moyen Orient, la guerre fait rage tuant des civils innocents chaque jour. <\/span><\/span><\/span><\/p>\n<p align=\"justify\"><span style=\"color: #000000;\"><span style=\"font-family: Calibri, sans-serif;\"><span style=\"font-size: medium;\">Pendant ce temps, les fins de mois difficiles arrivent de plus en plus t\u00f4t pour bon nombre de <\/span><\/span><\/span><span style=\"color: #000000;\"><span style=\"font-family: Calibri, sans-serif;\"><span style=\"font-size: medium;\">F<\/span><\/span><\/span><span style=\"color: #000000;\"><span style=\"font-family: Calibri, sans-serif;\"><span style=\"font-size: medium;\">ran\u00e7ais.<\/span><\/span><\/span><\/p>\n<p align=\"justify\"><span style=\"color: #000000;\"><span style=\"font-family: Calibri, sans-serif;\"><span style=\"font-size: medium;\">Alors que les solutions existent : des solutions politiques avec la nomination d&rsquo;un premier ministre de gauche, des solutions \u00e9conomiques avec la taxation des plus riches d&rsquo;entre les <\/span><\/span><\/span><span style=\"color: #000000;\"><span style=\"font-family: Calibri, sans-serif;\"><span style=\"font-size: medium;\">F<\/span><\/span><\/span><span style=\"color: #000000;\"><span style=\"font-family: Calibri, sans-serif;\"><span style=\"font-size: medium;\">ran\u00e7ais (taxe Zucman), des solutions sociales avec la suppression de la r\u00e9forme des retraites. <\/span><\/span><\/span><\/p>\n<p align=\"justify\"><span style=\"color: #000000;\"><span style=\"font-family: Calibri, sans-serif;\"><span style=\"font-size: medium;\">Au lieu de cela, des menaces de dissolution de l&rsquo;Assembl\u00e9e ou de d\u00e9mission du Pr\u00e9sident planent, ce qui laisserait la voie ouverte \u00e0 la prise de pouvoir par l&rsquo;extr\u00eame droite. <\/span><\/span><\/span><\/p>\n<p align=\"justify\"><span style=\"color: #000000;\"><span style=\"font-family: Calibri, sans-serif;\"><span style=\"font-size: medium;\">Rappelons-nous de ces mots du grand \u00e9crivain Albert Camus, qui naquit en Alg\u00e9rie : \u00ab Faites attention, quand une d\u00e9mocratie est malade, le fascisme vient \u00e0 son chevet, mais ce n\u2019est pas pour prendre de ses nouvelles\u2026 \u00bb<\/span><\/span><\/span><\/p>\n<p align=\"right\"><span style=\"color: #000000;\"><span style=\"font-family: Calibri, sans-serif;\"><span style=\"font-size: medium;\">Ir\u00e8ne <\/span><\/span><\/span><span style=\"color: #000000;\"><span style=\"font-family: Calibri, sans-serif;\"><span style=\"font-size: medium;\">PERRIN TOININ<\/span><\/span><\/span><\/p>\n<p align=\"right\"><span style=\"color: #000000;\"><span style=\"font-family: Calibri, sans-serif;\"><span style=\"font-size: medium;\">Secr\u00e9taire de section de Charleville &#8211; M\u00e9zi\u00e8res<\/span><\/span><\/span><\/p>\n","protected":false},"excerpt":{"rendered":"<p>\u00c0 l&rsquo;\u00e9coute de France Info, le lendemain de la d\u00e9mission du Premier Ministre Lecornu -en poste durant 15h ! -, les commentateurs deviennent des critiques m\u00e9diocres d&rsquo;une vie politique s&rsquo;apparentant \u00e0 un mauvais vaudeville. Pendant que l&rsquo;un d\u00e9fend tels responsables politiques, l&rsquo;autre donne voix aux \u00e9lecteurs, tous s&rsquo;accordant sur les valeurs de la R\u00e9publique. Mais [&hellip;]<\/p>\n","protected":false},"author":4,"featured_media":0,"comment_status":"closed","ping_status":"open","sticky":false,"template":"","format":"standard","meta":{"saved_in_kubio":false,"footnotes":""},"categories":[1],"tags":[],"class_list":["post-3556","post","type-post","status-publish","format-standard","hentry","category-non-classe"],"_links":{"self":[{"href":"https:\/\/pcf08.com\/index.php\/wp-json\/wp\/v2\/posts\/3556","targetHints":{"allow":["GET"]}}],"collection":[{"href":"https:\/\/pcf08.com\/index.php\/wp-json\/wp\/v2\/posts"}],"about":[{"href":"https:\/\/pcf08.com\/index.php\/wp-json\/wp\/v2\/types\/post"}],"author":[{"embeddable":true,"href":"https:\/\/pcf08.com\/index.php\/wp-json\/wp\/v2\/users\/4"}],"replies":[{"embeddable":true,"href":"https:\/\/pcf08.com\/index.php\/wp-json\/wp\/v2\/comments?post=3556"}],"version-history":[{"count":1,"href":"https:\/\/pcf08.com\/index.php\/wp-json\/wp\/v2\/posts\/3556\/revisions"}],"predecessor-version":[{"id":3558,"href":"https:\/\/pcf08.com\/index.php\/wp-json\/wp\/v2\/posts\/3556\/revisions\/3558"}],"wp:attachment":[{"href":"https:\/\/pcf08.com\/index.php\/wp-json\/wp\/v2\/media?parent=3556"}],"wp:term":[{"taxonomy":"category","embeddable":true,"href":"https:\/\/pcf08.com\/index.php\/wp-json\/wp\/v2\/categories?post=3556"},{"taxonomy":"post_tag","embeddable":true,"href":"https:\/\/pcf08.com\/index.php\/wp-json\/wp\/v2\/tags?post=3556"}],"curies":[{"name":"wp","href":"https:\/\/api.w.org\/{rel}","templated":true}]}}