{"id":3534,"date":"2025-09-24T15:21:06","date_gmt":"2025-09-24T13:21:06","guid":{"rendered":"https:\/\/pcf08.com\/?p=3534"},"modified":"2025-09-24T15:21:06","modified_gmt":"2025-09-24T13:21:06","slug":"communique-de-presse-union-de-la-gauche-a-charleville-mezieres-la-tete-de-liste-designee","status":"publish","type":"post","link":"https:\/\/pcf08.com\/index.php\/2025\/09\/24\/communique-de-presse-union-de-la-gauche-a-charleville-mezieres-la-tete-de-liste-designee\/","title":{"rendered":"Communiqu\u00e9 de presse  &#8211; Union de la gauche \u00e0 Charleville-M\u00e9zi\u00e8res : la t\u00eate de liste d\u00e9sign\u00e9e"},"content":{"rendered":"<p align=\"justify\"><img loading=\"lazy\" decoding=\"async\" class=\"size-medium wp-image-3535 alignleft\" src=\"https:\/\/pcf08.com\/wp-content\/uploads\/2025\/09\/communique-de-presse-300x46.jpg\" alt=\"\" width=\"300\" height=\"46\" srcset=\"https:\/\/pcf08.com\/wp-content\/uploads\/2025\/09\/communique-de-presse-300x46.jpg 300w, https:\/\/pcf08.com\/wp-content\/uploads\/2025\/09\/communique-de-presse-1024x156.jpg 1024w, https:\/\/pcf08.com\/wp-content\/uploads\/2025\/09\/communique-de-presse-768x117.jpg 768w, https:\/\/pcf08.com\/wp-content\/uploads\/2025\/09\/communique-de-presse.jpg 1454w\" sizes=\"(max-width: 300px) 100vw, 300px\" \/>Les forces de gauche, \u00e9cologistes et citoyennes de Charleville-M\u00e9zi\u00e8res, le Parti Communiste Fran\u00e7ais, le Parti socialiste, Les \u00c9cologistes, G\u00e9n\u00e9ration\u00b7s et le mouvement Unis vers l\u2019Ardenne, se sont r\u00e9unies le lundi 22 septembre afin de sceller leur volont\u00e9 d\u2019avancer ensemble.<br \/>\n\u00c0 l\u2019issue de cette rencontre, elles ont d\u00e9fini la t\u00eate de liste ainsi que les huit premier\u00b7es candidat\u00b7es qui porteront le projet d\u2019une liste d\u2019union de la gauche, \u00e9cologiste et citoyenne pour les prochaines \u00e9lections municipales.<br \/>\n\u00c0 l\u2019unanimit\u00e9, la t\u00eate de liste d\u00e9sign\u00e9e est Damien Lerouge, qui conduira cette \u00e9quipe rassembl\u00e9e et repr\u00e9sentative de la diversit\u00e9 des sensibilit\u00e9s de gauche et de la soci\u00e9t\u00e9 civile. La deuxi\u00e8me candidate de cette liste est Ir\u00e8ne Perrin Toinin.<br \/>\nLes huit premier\u00b7es candidat\u00b7es de la liste ont \u00e9galement \u00e9t\u00e9 arr\u00eat\u00e9\u00b7es collectivement \u00e0 l\u2019unanimit\u00e9. Elles et ils incarnent \u00e0 la fois l\u2019exp\u00e9rience militante, l\u2019engagement associatif, ainsi que la diversit\u00e9 sociale et g\u00e9n\u00e9rationnelle de notre ville. Cette \u00e9quipe incarne une volont\u00e9 commune : offrir aux Carolomac\u00e9riennes et Carolomac\u00e9riens une alternative claire, citoyenne et solidaire.<br \/>\nLa France Insoumise a fait le choix de ne pas rejoindre cette gauche pluraliste que nous voulons incarner pour les Carolomac\u00e9riennes et Carolomac\u00e9riens.<br \/>\nLes huit premier\u00b7es candidat\u00b7es de la liste :<br \/>\nDamien Lerouge (t\u00eate de liste)<br \/>\nIr\u00e8ne Perrin Toinin<br \/>\nAmar Boudemdam<br \/>\nBaptiste Gautron<br \/>\nEmeline Joigny<br \/>\nMuriel Laval<br \/>\nAnne Papier<br \/>\nKarine Perrin<br \/>\n(Liste par ordre alphab\u00e9tique apr\u00e8s les deux premiers)<\/p>\n<p align=\"justify\"><strong>Un programme partag\u00e9 pour Charleville-M\u00e9zi\u00e8res<\/strong><br \/>\nNous souhaitons proposer un programme partag\u00e9 pour Charleville-M\u00e9zi\u00e8res, qui rompe avec la politique men\u00e9e par Boris Ravignon, la droite et les macronistes dans notre ville.<br \/>\nCe programme sera co-\u00e9labor\u00e9 avec les citoyennes et citoyens et les forces locales et portera notamment sur :<br \/>\n\u2022 La justice sociale : l\u2019acc\u00e8s aux droits, la tranquillit\u00e9 et la s\u00e9curit\u00e9 publiques, le logement digne et l\u2019\u00e9cole publique.<br \/>\n\u2022 L\u2019\u00e9cologie pour toutes et tous : r\u00e9novation \u00e9nerg\u00e9tique, mobilit\u00e9s douces, pr\u00e9servation des espaces naturels, pr\u00e9vention des risques.<br \/>\n\u2022 La d\u00e9mocratie locale : budget participatif, transparence.<br \/>\n\u2022 La pr\u00e9servation et le d\u00e9veloppement des services publics.<br \/>\n\u2022 Le soutien aux associations et \u00e0 la culture.<br \/>\n\u2022 L\u2019\u00e9ducation et la petite enfance : qualit\u00e9 de nos \u00e9coles, d\u00e9veloppement des structures de la petite enfance, politique renforc\u00e9e en faveur des publics fragiles.<br \/>\n\u2022 La redynamisation des quartiers : accompagnement sur tous les plans de la politique communale.<br \/>\n\u2022 Le bien-vivre ensemble : la sant\u00e9, le handicap, nos a\u00een\u00e9\u00b7es, le sport, la culture.<br \/>\nCe programme sera \u00e9galement \u00e9largi aux comp\u00e9tences de la Communaut\u00e9 d\u2019Agglom\u00e9ration Ardenne M\u00e9tropole.<br \/>\nComme annonc\u00e9, d\u00e8s la fin du Festival Mondial des Th\u00e9\u00e2tres de la Marionnette, une conf\u00e9rence de presse sera organis\u00e9e pour la pr\u00e9sentation des premier\u00b7es candidat\u00b7es, ainsi que du premier tract de campagne.<\/p>\n<p align=\"justify\">\n","protected":false},"excerpt":{"rendered":"<p>Les forces de gauche, \u00e9cologistes et citoyennes de Charleville-M\u00e9zi\u00e8res, le Parti Communiste Fran\u00e7ais, le Parti socialiste, Les \u00c9cologistes, G\u00e9n\u00e9ration\u00b7s et le mouvement Unis vers l\u2019Ardenne, se sont r\u00e9unies le lundi 22 septembre afin de sceller leur volont\u00e9 d\u2019avancer ensemble. \u00c0 l\u2019issue de cette rencontre, elles ont d\u00e9fini la t\u00eate de liste ainsi que les huit [&hellip;]<\/p>\n","protected":false},"author":4,"featured_media":0,"comment_status":"closed","ping_status":"open","sticky":false,"template":"","format":"standard","meta":{"saved_in_kubio":false,"footnotes":""},"categories":[1],"tags":[],"class_list":["post-3534","post","type-post","status-publish","format-standard","hentry","category-non-classe"],"_links":{"self":[{"href":"https:\/\/pcf08.com\/index.php\/wp-json\/wp\/v2\/posts\/3534","targetHints":{"allow":["GET"]}}],"collection":[{"href":"https:\/\/pcf08.com\/index.php\/wp-json\/wp\/v2\/posts"}],"about":[{"href":"https:\/\/pcf08.com\/index.php\/wp-json\/wp\/v2\/types\/post"}],"author":[{"embeddable":true,"href":"https:\/\/pcf08.com\/index.php\/wp-json\/wp\/v2\/users\/4"}],"replies":[{"embeddable":true,"href":"https:\/\/pcf08.com\/index.php\/wp-json\/wp\/v2\/comments?post=3534"}],"version-history":[{"count":1,"href":"https:\/\/pcf08.com\/index.php\/wp-json\/wp\/v2\/posts\/3534\/revisions"}],"predecessor-version":[{"id":3536,"href":"https:\/\/pcf08.com\/index.php\/wp-json\/wp\/v2\/posts\/3534\/revisions\/3536"}],"wp:attachment":[{"href":"https:\/\/pcf08.com\/index.php\/wp-json\/wp\/v2\/media?parent=3534"}],"wp:term":[{"taxonomy":"category","embeddable":true,"href":"https:\/\/pcf08.com\/index.php\/wp-json\/wp\/v2\/categories?post=3534"},{"taxonomy":"post_tag","embeddable":true,"href":"https:\/\/pcf08.com\/index.php\/wp-json\/wp\/v2\/tags?post=3534"}],"curies":[{"name":"wp","href":"https:\/\/api.w.org\/{rel}","templated":true}]}}