{"id":3531,"date":"2025-09-24T15:17:24","date_gmt":"2025-09-24T13:17:24","guid":{"rendered":"https:\/\/pcf08.com\/?p=3531"},"modified":"2025-09-24T15:17:24","modified_gmt":"2025-09-24T13:17:24","slug":"enfin-un-pas-vers-un-etat-palestinien","status":"publish","type":"post","link":"https:\/\/pcf08.com\/index.php\/2025\/09\/24\/enfin-un-pas-vers-un-etat-palestinien\/","title":{"rendered":"Enfin un pas vers un \u00c9tat palestinien"},"content":{"rendered":"<p align=\"justify\"><span style=\"color: #000000;\"><span style=\"font-family: Calibri, sans-serif;\"><span style=\"font-size: medium;\"><img loading=\"lazy\" decoding=\"async\" class=\"size-medium wp-image-3532 alignleft\" src=\"https:\/\/pcf08.com\/wp-content\/uploads\/2025\/09\/affiche-du-pcf-240x300.jpg\" alt=\"\" width=\"240\" height=\"300\" srcset=\"https:\/\/pcf08.com\/wp-content\/uploads\/2025\/09\/affiche-du-pcf-240x300.jpg 240w, https:\/\/pcf08.com\/wp-content\/uploads\/2025\/09\/affiche-du-pcf-819x1024.jpg 819w, https:\/\/pcf08.com\/wp-content\/uploads\/2025\/09\/affiche-du-pcf-768x960.jpg 768w, https:\/\/pcf08.com\/wp-content\/uploads\/2025\/09\/affiche-du-pcf.jpg 1080w\" sizes=\"(max-width: 240px) 100vw, 240px\" \/>Lundi 22 septembre, \u00e0 la tribune des Nations unies \u00e0 New York, Emmanuel Macron aura franchi le pas historique auquel Fran\u00e7ois Hollande avait renonc\u00e9 en d\u00e9pit de ses promesses : reconna\u00eetre l\u2019\u00c9tat de Palestine. Cette issue \u00e9tait loin d\u2019\u00eatre \u00e9crit<\/span><\/span><\/span><span style=\"color: #000000;\"><span style=\"font-family: Calibri, sans-serif;\"><span style=\"font-size: medium;\">e<\/span><\/span><\/span><span style=\"font-family: Calibri, sans-serif;\"><span style=\"font-size: medium;\">. <\/span><\/span><\/p>\n<p align=\"justify\"><span style=\"font-family: Calibri, sans-serif;\"><span style=\"font-size: medium;\">Nous saluons cet acte politique marquant qui est un pas vers une paix juste et durable au Proche- Orient. Il aura fallu attendre 35 ans d\u2019alertes r\u00e9p\u00e9t\u00e9es de l\u2019ONU sur l&rsquo;urgence de la situation en Palestine, il aura fallu un g\u00e9nocide en cours \u00e0 Gaza et que la Palestine soit occup\u00e9e de centaines de colonies pour que la France franchisse enfin le pas de cette reconnaissance. Cette d\u00e9cision, si elle veut v\u00e9ritablement marquer l&rsquo;histoire, doit s\u2019accompagner d\u2019un travail diplomatique et politique courageux pour parvenir \u00e0 une solution cr\u00e9dible et \u00e0 la mise en place effective de deux \u00c9tats. La colonisation de la Cisjordanie et le g\u00e9nocide \u00e0 Gaza, men\u00e9s par l&rsquo;\u00c9tat isra\u00e9lien d\u2019extr\u00eame droite est commis en toute impunit\u00e9. L\u2019\u00e9tat de droit c\u2019est ce m\u00eame droit qui a tir\u00e9 le monde de la barbarie apr\u00e8s la Seconde Guerre mondiale, et que le PCF d\u00e9fend chaque jour.<\/span><\/span><\/p>\n<p align=\"justify\"><span style=\"font-family: Calibri, sans-serif;\"><span style=\"font-size: medium;\">La d\u00e9fense quotidienne des droits et des libert\u00e9s les plus fondamentales de chaque \u00eatre humain, c\u2019est ce qui fait l\u2019identit\u00e9 de notre engagement. Lutter contre cette injustice, c\u2019est aussi clamer haut et fort que la violence ne doit pas \u00eatre la base des relations entre les \u00eatres humains et que la dignit\u00e9 et la libert\u00e9 des peuples sont le seul avenir durable.<\/span><\/span><\/p>\n<p align=\"right\"><span style=\"font-family: Calibri, sans-serif;\"><span style=\"font-size: medium;\">Sylvain DALLA ROSA<\/span><\/span><\/p>\n","protected":false},"excerpt":{"rendered":"<p>Lundi 22 septembre, \u00e0 la tribune des Nations unies \u00e0 New York, Emmanuel Macron aura franchi le pas historique auquel Fran\u00e7ois Hollande avait renonc\u00e9 en d\u00e9pit de ses promesses : reconna\u00eetre l\u2019\u00c9tat de Palestine. Cette issue \u00e9tait loin d\u2019\u00eatre \u00e9crite. Nous saluons cet acte politique marquant qui est un pas vers une paix juste et [&hellip;]<\/p>\n","protected":false},"author":4,"featured_media":0,"comment_status":"closed","ping_status":"open","sticky":false,"template":"","format":"standard","meta":{"saved_in_kubio":false,"footnotes":""},"categories":[1],"tags":[],"class_list":["post-3531","post","type-post","status-publish","format-standard","hentry","category-non-classe"],"_links":{"self":[{"href":"https:\/\/pcf08.com\/index.php\/wp-json\/wp\/v2\/posts\/3531","targetHints":{"allow":["GET"]}}],"collection":[{"href":"https:\/\/pcf08.com\/index.php\/wp-json\/wp\/v2\/posts"}],"about":[{"href":"https:\/\/pcf08.com\/index.php\/wp-json\/wp\/v2\/types\/post"}],"author":[{"embeddable":true,"href":"https:\/\/pcf08.com\/index.php\/wp-json\/wp\/v2\/users\/4"}],"replies":[{"embeddable":true,"href":"https:\/\/pcf08.com\/index.php\/wp-json\/wp\/v2\/comments?post=3531"}],"version-history":[{"count":1,"href":"https:\/\/pcf08.com\/index.php\/wp-json\/wp\/v2\/posts\/3531\/revisions"}],"predecessor-version":[{"id":3533,"href":"https:\/\/pcf08.com\/index.php\/wp-json\/wp\/v2\/posts\/3531\/revisions\/3533"}],"wp:attachment":[{"href":"https:\/\/pcf08.com\/index.php\/wp-json\/wp\/v2\/media?parent=3531"}],"wp:term":[{"taxonomy":"category","embeddable":true,"href":"https:\/\/pcf08.com\/index.php\/wp-json\/wp\/v2\/categories?post=3531"},{"taxonomy":"post_tag","embeddable":true,"href":"https:\/\/pcf08.com\/index.php\/wp-json\/wp\/v2\/tags?post=3531"}],"curies":[{"name":"wp","href":"https:\/\/api.w.org\/{rel}","templated":true}]}}