{"id":3521,"date":"2025-09-18T11:24:34","date_gmt":"2025-09-18T09:24:34","guid":{"rendered":"https:\/\/pcf08.com\/?p=3521"},"modified":"2025-09-18T11:24:34","modified_gmt":"2025-09-18T09:24:34","slug":"merci-aux-benevoles-de-la-fete-de-lhumanite","status":"publish","type":"post","link":"https:\/\/pcf08.com\/index.php\/2025\/09\/18\/merci-aux-benevoles-de-la-fete-de-lhumanite\/","title":{"rendered":"Merci aux b\u00e9n\u00e9voles de la f\u00eate de l\u2019Humanit\u00e9"},"content":{"rendered":"<p align=\"justify\"><span style=\"font-family: Calibri, sans-serif;\"><span style=\"font-size: medium;\"><img loading=\"lazy\" decoding=\"async\" class=\"size-medium wp-image-3522 alignleft\" src=\"https:\/\/pcf08.com\/wp-content\/uploads\/2025\/09\/stand08-300x161.jpg\" alt=\"\" width=\"300\" height=\"161\" srcset=\"https:\/\/pcf08.com\/wp-content\/uploads\/2025\/09\/stand08-300x161.jpg 300w, https:\/\/pcf08.com\/wp-content\/uploads\/2025\/09\/stand08-1024x549.jpg 1024w, https:\/\/pcf08.com\/wp-content\/uploads\/2025\/09\/stand08-768x412.jpg 768w, https:\/\/pcf08.com\/wp-content\/uploads\/2025\/09\/stand08.jpg 1120w\" sizes=\"(max-width: 300px) 100vw, 300px\" \/>La f\u00eate de l\u2019Humanit\u00e9 ne serait pas possible sans tous les b\u00e9n\u00e9voles\u00a0! La f\u00e9d\u00e9ration des Ardennes du PCF tient \u00e0 remercier toutes celles et ceux qui ont \u0153uvr\u00e9 dans son stand. Cacasse \u00e0 cul nu, frites, bi\u00e8res \u2026 toujours servis avec le sourire malgr\u00e9 une affluence d\u00e9mente\u00a0! Les stocks ont \u00e9t\u00e9 d\u00e9valis\u00e9s \u00e0 tel point que dimanche on servait des p\u00e2tes, achet\u00e9es \u00e0 la h\u00e2te pour remplacer la cacasse et satisfaire les affam\u00e9s\u00a0!<\/span><\/span><\/p>\n","protected":false},"excerpt":{"rendered":"<p>La f\u00eate de l\u2019Humanit\u00e9 ne serait pas possible sans tous les b\u00e9n\u00e9voles\u00a0! La f\u00e9d\u00e9ration des Ardennes du PCF tient \u00e0 remercier toutes celles et ceux qui ont \u0153uvr\u00e9 dans son stand. Cacasse \u00e0 cul nu, frites, bi\u00e8res \u2026 toujours servis avec le sourire malgr\u00e9 une affluence d\u00e9mente\u00a0! Les stocks ont \u00e9t\u00e9 d\u00e9valis\u00e9s \u00e0 tel point [&hellip;]<\/p>\n","protected":false},"author":4,"featured_media":0,"comment_status":"closed","ping_status":"open","sticky":false,"template":"","format":"standard","meta":{"saved_in_kubio":false,"footnotes":""},"categories":[1],"tags":[],"class_list":["post-3521","post","type-post","status-publish","format-standard","hentry","category-non-classe"],"_links":{"self":[{"href":"https:\/\/pcf08.com\/index.php\/wp-json\/wp\/v2\/posts\/3521","targetHints":{"allow":["GET"]}}],"collection":[{"href":"https:\/\/pcf08.com\/index.php\/wp-json\/wp\/v2\/posts"}],"about":[{"href":"https:\/\/pcf08.com\/index.php\/wp-json\/wp\/v2\/types\/post"}],"author":[{"embeddable":true,"href":"https:\/\/pcf08.com\/index.php\/wp-json\/wp\/v2\/users\/4"}],"replies":[{"embeddable":true,"href":"https:\/\/pcf08.com\/index.php\/wp-json\/wp\/v2\/comments?post=3521"}],"version-history":[{"count":1,"href":"https:\/\/pcf08.com\/index.php\/wp-json\/wp\/v2\/posts\/3521\/revisions"}],"predecessor-version":[{"id":3523,"href":"https:\/\/pcf08.com\/index.php\/wp-json\/wp\/v2\/posts\/3521\/revisions\/3523"}],"wp:attachment":[{"href":"https:\/\/pcf08.com\/index.php\/wp-json\/wp\/v2\/media?parent=3521"}],"wp:term":[{"taxonomy":"category","embeddable":true,"href":"https:\/\/pcf08.com\/index.php\/wp-json\/wp\/v2\/categories?post=3521"},{"taxonomy":"post_tag","embeddable":true,"href":"https:\/\/pcf08.com\/index.php\/wp-json\/wp\/v2\/tags?post=3521"}],"curies":[{"name":"wp","href":"https:\/\/api.w.org\/{rel}","templated":true}]}}