{"id":3518,"date":"2025-09-18T11:23:18","date_gmt":"2025-09-18T09:23:18","guid":{"rendered":"https:\/\/pcf08.com\/?p=3518"},"modified":"2025-09-18T11:23:18","modified_gmt":"2025-09-18T09:23:18","slug":"la-fete-fut-belle","status":"publish","type":"post","link":"https:\/\/pcf08.com\/index.php\/2025\/09\/18\/la-fete-fut-belle\/","title":{"rendered":"La f\u00eate fut belle\u00a0!!!"},"content":{"rendered":"<p align=\"justify\"><span style=\"font-family: Calibri, sans-serif;\"><img loading=\"lazy\" decoding=\"async\" class=\"size-medium wp-image-3519 alignleft\" src=\"https:\/\/pcf08.com\/wp-content\/uploads\/2025\/09\/edito-27-300x225.jpg\" alt=\"\" width=\"300\" height=\"225\" srcset=\"https:\/\/pcf08.com\/wp-content\/uploads\/2025\/09\/edito-27-300x225.jpg 300w, https:\/\/pcf08.com\/wp-content\/uploads\/2025\/09\/edito-27-1024x768.jpg 1024w, https:\/\/pcf08.com\/wp-content\/uploads\/2025\/09\/edito-27-768x576.jpg 768w, https:\/\/pcf08.com\/wp-content\/uploads\/2025\/09\/edito-27-1536x1152.jpg 1536w, https:\/\/pcf08.com\/wp-content\/uploads\/2025\/09\/edito-27.jpg 2048w\" sizes=\"(max-width: 300px) 100vw, 300px\" \/>90\u00e8me \u00e9dition de la f\u00eate de l\u2019Huma\u00a0: 610 000 visiteurs\u00a0!<\/span><\/p>\n<p align=\"justify\"><span style=\"font-family: Calibri, sans-serif;\">Comme tous les ans, la f\u00eate a tenu toutes ses promesses comme dans le stand des Ardennes.<\/span><\/p>\n<p align=\"justify\"><span style=\"font-family: Calibri, sans-serif;\">Dans un contexte national et international bouillonnant, avec des incertitudes et des col\u00e8res populaires, ces trois jours de f\u00eate ont rassembl\u00e9 une foule dense et diverse ne formant qu\u2019un seul peuple engag\u00e9 pour une R\u00e9publique sociale, la\u00efque, d\u00e9mocratique, f\u00e9ministe et \u00e9cologique.<\/span><\/p>\n<p align=\"justify\"><span style=\"font-family: Calibri, sans-serif;\">La lutte pour des droits \u00e0 conqu\u00e9rir et pour un partage des richesses et du savoir est plus que jamais d\u2019actualit\u00e9. La fr\u00e9quentation de la f\u00eate en a \u00e9t\u00e9 le reflet. L\u2019opposition entre le commun, la d\u00e9mocratie au service d\u2019un id\u00e9al communiste et l\u2019h\u00e9g\u00e9monie d\u2019un seul homme Emmanuel Macron est plus que jamais \u00e9vidente. Libert\u00e9, \u00e9galit\u00e9, fraternit\u00e9, justice et paix entre tous les peuples, ces mots ont un sens et ont rassembl\u00e9 durant les trois jours de la f\u00eate.<\/span><\/p>\n<p align=\"justify\"><span style=\"font-family: Calibri, sans-serif;\">La f\u00eate reste la f\u00eate dans un contexte pour le moins morose et anxiog\u00e8ne. La f\u00eate, unique et toujours aussi riche. D\u00e9bats, \u00e9changes anim\u00e9s mais respectueux font sa force et sa popularit\u00e9. La culture et l\u2019\u00e9mancipation ne sont pas en reste. La cr\u00e9ation, si malmen\u00e9e, a toute sa place et, contrairement aux forces r\u00e9actionnaires et aux puissances de l\u2019argent, un espace de libert\u00e9 est offert durant ces trois jours o\u00f9 il est interdit d\u2019interdire.<\/span><\/p>\n<p align=\"justify\"><span style=\"font-family: Calibri, sans-serif;\">Le 80\u00e8me anniversaire de notre S\u00e9cu comme les 130 ans de la CGT ont \u00e9t\u00e9 mis \u00e0 l\u2019honneur.<\/span><\/p>\n<p align=\"justify\"><span style=\"font-family: Calibri, sans-serif;\">La Paix partout dans le monde n\u2019a pas manqu\u00e9 de nourrir de nombreux d\u00e9bats. L\u2019horreur des guerres, l\u2019horreur du g\u00e9nocide \u00e0 Gaza ont \u00e9t\u00e9 d\u00e9nonc\u00e9s avec force. Reconna\u00eetre l\u2019\u00c9tat de Palestine par la France sera un d\u00e9but mais une \u00e9tape insuffisante. <\/span><\/p>\n<p align=\"justify\"><span style=\"font-family: Calibri, sans-serif;\">Le mod\u00e8le espagnol est une r\u00e9f\u00e9rence dont le pr\u00e9sident de la R\u00e9publique ferait bien de s\u2019inspirer. En effet, le 8 septembre, Pedro Sanchez a annonc\u00e9 9 mesures pour contribuer \u00e0 \u00ab\u00a0mettre fin au g\u00e9nocide \u00e0 Gaza\u00a0\u00bb notamment l\u2019embargo total sur les ventes d\u2019armes, l\u2019interdiction du passage dans les ports espagnols pour les navires de carburant destin\u00e9s \u00e0 Isra\u00ebl, l\u2019interdiction d\u2019importations de produits \u00ab\u00a0provenant des colonies ill\u00e9gales\u00a0\u00bb. Pedro Sanchez a naturellement \u00e9t\u00e9 accus\u00e9 par Isra\u00ebl de mener une \u00ab\u00a0campagne antis\u00e9mite\u00a0\u00bb avec une rh\u00e9torique violente et empreinte de haine. L\u2019Espagne prouve que l\u2019on peut agir concr\u00e8tement si la volont\u00e9 politique est bien l\u00e0.<\/span><\/p>\n<p align=\"justify\"><span style=\"font-family: Calibri, sans-serif;\">La France elle, reste d\u2019une timidit\u00e9 complice et la d\u00e9fense du peuple palestinien est consid\u00e9r\u00e9e par certains comme de l\u2019antis\u00e9mitisme de \u00ab\u00a0gauchistes\u00a0\u00bb irresponsables\u00a0!<\/span><\/p>\n<p align=\"justify\"><span style=\"font-family: Calibri, sans-serif;\">Comme le disait dans un d\u00e9bat le fils de Marwan Barghouti ( prisonnier politique en Isra\u00ebl depuis 23 ans), son p\u00e8re comme tous les Palestiniens seront libres un jour, la seule question est de savoir quand\u00a0?<\/span><\/p>\n<p align=\"justify\"><span style=\"font-family: Calibri, sans-serif;\">Les communistes ont toujours soutenu le peuple palestinien. Ils continueront \u00e0 le faire activement en utilisant tous les moyens n\u00e9cessaires pour parvenir \u00e0 une paix juste et durable dans un \u00c9tat reconnu.<\/span><\/p>\n<p align=\"center\"><span style=\"font-family: Calibri, sans-serif;\">FREE FREE PALESTINE<\/span><\/p>\n<p align=\"right\"><span style=\"font-family: Calibri, sans-serif;\">Corine POSTAL <\/span><\/p>\n","protected":false},"excerpt":{"rendered":"<p>90\u00e8me \u00e9dition de la f\u00eate de l\u2019Huma\u00a0: 610 000 visiteurs\u00a0! Comme tous les ans, la f\u00eate a tenu toutes ses promesses comme dans le stand des Ardennes. Dans un contexte national et international bouillonnant, avec des incertitudes et des col\u00e8res populaires, ces trois jours de f\u00eate ont rassembl\u00e9 une foule dense et diverse ne formant [&hellip;]<\/p>\n","protected":false},"author":4,"featured_media":0,"comment_status":"closed","ping_status":"open","sticky":false,"template":"","format":"standard","meta":{"saved_in_kubio":false,"footnotes":""},"categories":[1],"tags":[],"class_list":["post-3518","post","type-post","status-publish","format-standard","hentry","category-non-classe"],"_links":{"self":[{"href":"https:\/\/pcf08.com\/index.php\/wp-json\/wp\/v2\/posts\/3518","targetHints":{"allow":["GET"]}}],"collection":[{"href":"https:\/\/pcf08.com\/index.php\/wp-json\/wp\/v2\/posts"}],"about":[{"href":"https:\/\/pcf08.com\/index.php\/wp-json\/wp\/v2\/types\/post"}],"author":[{"embeddable":true,"href":"https:\/\/pcf08.com\/index.php\/wp-json\/wp\/v2\/users\/4"}],"replies":[{"embeddable":true,"href":"https:\/\/pcf08.com\/index.php\/wp-json\/wp\/v2\/comments?post=3518"}],"version-history":[{"count":1,"href":"https:\/\/pcf08.com\/index.php\/wp-json\/wp\/v2\/posts\/3518\/revisions"}],"predecessor-version":[{"id":3520,"href":"https:\/\/pcf08.com\/index.php\/wp-json\/wp\/v2\/posts\/3518\/revisions\/3520"}],"wp:attachment":[{"href":"https:\/\/pcf08.com\/index.php\/wp-json\/wp\/v2\/media?parent=3518"}],"wp:term":[{"taxonomy":"category","embeddable":true,"href":"https:\/\/pcf08.com\/index.php\/wp-json\/wp\/v2\/categories?post=3518"},{"taxonomy":"post_tag","embeddable":true,"href":"https:\/\/pcf08.com\/index.php\/wp-json\/wp\/v2\/tags?post=3518"}],"curies":[{"name":"wp","href":"https:\/\/api.w.org\/{rel}","templated":true}]}}