{"id":3515,"date":"2025-09-10T16:12:49","date_gmt":"2025-09-10T14:12:49","guid":{"rendered":"https:\/\/pcf08.com\/?p=3515"},"modified":"2025-09-10T16:12:49","modified_gmt":"2025-09-10T14:12:49","slug":"defendre-notre-patrimoine-culturel","status":"publish","type":"post","link":"https:\/\/pcf08.com\/index.php\/2025\/09\/10\/defendre-notre-patrimoine-culturel\/","title":{"rendered":"D\u00e9fendre notre patrimoine culturel"},"content":{"rendered":"<p align=\"justify\"><span style=\"font-family: Calibri, sans-serif;\"><span style=\"font-size: medium;\"><img loading=\"lazy\" decoding=\"async\" class=\"size-medium wp-image-3516 alignleft\" src=\"https:\/\/pcf08.com\/wp-content\/uploads\/2025\/09\/culture-2-207x300.jpg\" alt=\"\" width=\"207\" height=\"300\" srcset=\"https:\/\/pcf08.com\/wp-content\/uploads\/2025\/09\/culture-2-207x300.jpg 207w, https:\/\/pcf08.com\/wp-content\/uploads\/2025\/09\/culture-2-706x1024.jpg 706w, https:\/\/pcf08.com\/wp-content\/uploads\/2025\/09\/culture-2-768x1114.jpg 768w, https:\/\/pcf08.com\/wp-content\/uploads\/2025\/09\/culture-2.jpg 826w\" sizes=\"(max-width: 207px) 100vw, 207px\" \/>Pr\u00e9sid\u00e9 pendant de nombreuses ann\u00e9es par Richard Dalla Rosa la soci\u00e9t\u00e9 des \u00e9crivains ardennais (SEA) vient de f\u00eater ses cent ans. C\u2019est d\u00e9sormais Carmen Berg\u00e8s qui pr\u00e9side la SEA. Mettre en valeur les \u00e9crits qui fleurissent un peu partout dans le d\u00e9partement est n\u00e9cessaire pour pr\u00e9server le patrimoine intellectuel Ardennais.<\/span><\/span><\/p>\n<p align=\"justify\"><span style=\"font-family: Calibri, sans-serif;\"><span style=\"font-size: medium;\">De grands noms de la litt\u00e9rature ont fait partie de la SEA. On peut citer des \u00e9crivains illustres comme Jean Rogissart ou Andr\u00e9 Dh\u00f4tel. Pour d\u00e9fendre la cr\u00e9ation litt\u00e9raire il est vital de faire vivre une association comme la SEA. <\/span><\/span><\/p>\n<p align=\"justify\"><span style=\"font-family: Calibri, sans-serif;\"><span style=\"font-size: medium;\">En avril dernier une exposition a retrac\u00e9 les cent ans d\u2019activit\u00e9s de la SEA. Cette mise en valeur de notre patrimoine est n\u00e9cessaire pour le pr\u00e9server. Quand vous avez des achats \u00e0 faire privil\u00e9giez les \u00e9crivains Ardennais. Cela fait partie de la d\u00e9fense de notre culture. Celle-ci est particuli\u00e8rement riche dans notre d\u00e9partement. <\/span><\/span><\/p>\n","protected":false},"excerpt":{"rendered":"<p>Pr\u00e9sid\u00e9 pendant de nombreuses ann\u00e9es par Richard Dalla Rosa la soci\u00e9t\u00e9 des \u00e9crivains ardennais (SEA) vient de f\u00eater ses cent ans. C\u2019est d\u00e9sormais Carmen Berg\u00e8s qui pr\u00e9side la SEA. Mettre en valeur les \u00e9crits qui fleurissent un peu partout dans le d\u00e9partement est n\u00e9cessaire pour pr\u00e9server le patrimoine intellectuel Ardennais. De grands noms de la [&hellip;]<\/p>\n","protected":false},"author":4,"featured_media":0,"comment_status":"closed","ping_status":"open","sticky":false,"template":"","format":"standard","meta":{"saved_in_kubio":false,"footnotes":""},"categories":[1],"tags":[],"class_list":["post-3515","post","type-post","status-publish","format-standard","hentry","category-non-classe"],"_links":{"self":[{"href":"https:\/\/pcf08.com\/index.php\/wp-json\/wp\/v2\/posts\/3515","targetHints":{"allow":["GET"]}}],"collection":[{"href":"https:\/\/pcf08.com\/index.php\/wp-json\/wp\/v2\/posts"}],"about":[{"href":"https:\/\/pcf08.com\/index.php\/wp-json\/wp\/v2\/types\/post"}],"author":[{"embeddable":true,"href":"https:\/\/pcf08.com\/index.php\/wp-json\/wp\/v2\/users\/4"}],"replies":[{"embeddable":true,"href":"https:\/\/pcf08.com\/index.php\/wp-json\/wp\/v2\/comments?post=3515"}],"version-history":[{"count":1,"href":"https:\/\/pcf08.com\/index.php\/wp-json\/wp\/v2\/posts\/3515\/revisions"}],"predecessor-version":[{"id":3517,"href":"https:\/\/pcf08.com\/index.php\/wp-json\/wp\/v2\/posts\/3515\/revisions\/3517"}],"wp:attachment":[{"href":"https:\/\/pcf08.com\/index.php\/wp-json\/wp\/v2\/media?parent=3515"}],"wp:term":[{"taxonomy":"category","embeddable":true,"href":"https:\/\/pcf08.com\/index.php\/wp-json\/wp\/v2\/categories?post=3515"},{"taxonomy":"post_tag","embeddable":true,"href":"https:\/\/pcf08.com\/index.php\/wp-json\/wp\/v2\/tags?post=3515"}],"curies":[{"name":"wp","href":"https:\/\/api.w.org\/{rel}","templated":true}]}}