{"id":3493,"date":"2025-09-04T10:21:43","date_gmt":"2025-09-04T08:21:43","guid":{"rendered":"https:\/\/pcf08.com\/?p=3493"},"modified":"2025-09-04T10:21:43","modified_gmt":"2025-09-04T08:21:43","slug":"cabaret-vert-hommage-a-a-rimbaud","status":"publish","type":"post","link":"https:\/\/pcf08.com\/index.php\/2025\/09\/04\/cabaret-vert-hommage-a-a-rimbaud\/","title":{"rendered":"Cabaret Vert\u2026&#8230;hommage \u00e0 A.  Rimbaud"},"content":{"rendered":"<p align=\"justify\"><span style=\"font-family: Calibri, sans-serif;\"><img loading=\"lazy\" decoding=\"async\" class=\"size-medium wp-image-3494 alignleft\" src=\"https:\/\/pcf08.com\/wp-content\/uploads\/2025\/09\/cabaret-225x300.png\" alt=\"\" width=\"225\" height=\"300\" srcset=\"https:\/\/pcf08.com\/wp-content\/uploads\/2025\/09\/cabaret-225x300.png 225w, https:\/\/pcf08.com\/wp-content\/uploads\/2025\/09\/cabaret.png 526w\" sizes=\"(max-width: 225px) 100vw, 225px\" \/>Le succ\u00e8s de l\u2019\u00e9dition 2025 du Cabaret Vert, plus de 100 000 entr\u00e9es, est incontestable. Ce festival est devenu au fil des ans le rendez-vous musical incontournable de la fin ao\u00fbt. Son succ\u00e8s tient certes \u00e0 l\u2019affiche musicale mais \u00e9galement aux centaines de b\u00e9n\u00e9voles qui ne comptent pas leur temps pour accueillir dans de bonnes conditions les milliers de festivaliers.<\/span><\/p>\n<p align=\"justify\"><span style=\"font-family: Calibri, sans-serif;\">Il y a cependant un aspect que bien peu de personnes connaissent, c\u2019est l\u2019origine de l\u2019appellation du festival. Certes les organisateurs ont la fibre environnementale mais ce n\u2019est pas ce qui a guid\u00e9 \u00e0 l\u2019origine le nom de \u00ab\u00a0Cabaret Vert\u00a0\u00bb. Il s\u2019agit d\u2019un hommage \u00e0 Arthur Rimbaud qui a \u00e9crit en 1870 un po\u00e8me intitul\u00e9 \u00ab\u00a0Cabaret vert\u00a0\u00bb. Celui ci a notamment \u00e9crit je cite \u00ab\u00a0Depuis huit jours j\u2019avais d\u00e9chir\u00e9 mes bottines aux cailloux des chemins. J\u2019entrais \u00e0 Charleroi-au Cabaret Vert\u00a0\u00bb.<\/span><\/p>\n<p align=\"justify\"><span style=\"font-family: Calibri, sans-serif;\">Cette d\u00e9nomination du festival montre l\u2019attachement des Ardennais \u00e0 leur territoire et au po\u00e8te. M\u00eame si celui-ci n\u2019a pas toujours \u00e9tait tendre avec sa ville et son d\u00e9partement.<\/span><\/p>\n","protected":false},"excerpt":{"rendered":"<p>Le succ\u00e8s de l\u2019\u00e9dition 2025 du Cabaret Vert, plus de 100 000 entr\u00e9es, est incontestable. Ce festival est devenu au fil des ans le rendez-vous musical incontournable de la fin ao\u00fbt. Son succ\u00e8s tient certes \u00e0 l\u2019affiche musicale mais \u00e9galement aux centaines de b\u00e9n\u00e9voles qui ne comptent pas leur temps pour accueillir dans de bonnes [&hellip;]<\/p>\n","protected":false},"author":4,"featured_media":0,"comment_status":"closed","ping_status":"open","sticky":false,"template":"","format":"standard","meta":{"saved_in_kubio":false,"footnotes":""},"categories":[1],"tags":[],"class_list":["post-3493","post","type-post","status-publish","format-standard","hentry","category-non-classe"],"_links":{"self":[{"href":"https:\/\/pcf08.com\/index.php\/wp-json\/wp\/v2\/posts\/3493","targetHints":{"allow":["GET"]}}],"collection":[{"href":"https:\/\/pcf08.com\/index.php\/wp-json\/wp\/v2\/posts"}],"about":[{"href":"https:\/\/pcf08.com\/index.php\/wp-json\/wp\/v2\/types\/post"}],"author":[{"embeddable":true,"href":"https:\/\/pcf08.com\/index.php\/wp-json\/wp\/v2\/users\/4"}],"replies":[{"embeddable":true,"href":"https:\/\/pcf08.com\/index.php\/wp-json\/wp\/v2\/comments?post=3493"}],"version-history":[{"count":1,"href":"https:\/\/pcf08.com\/index.php\/wp-json\/wp\/v2\/posts\/3493\/revisions"}],"predecessor-version":[{"id":3495,"href":"https:\/\/pcf08.com\/index.php\/wp-json\/wp\/v2\/posts\/3493\/revisions\/3495"}],"wp:attachment":[{"href":"https:\/\/pcf08.com\/index.php\/wp-json\/wp\/v2\/media?parent=3493"}],"wp:term":[{"taxonomy":"category","embeddable":true,"href":"https:\/\/pcf08.com\/index.php\/wp-json\/wp\/v2\/categories?post=3493"},{"taxonomy":"post_tag","embeddable":true,"href":"https:\/\/pcf08.com\/index.php\/wp-json\/wp\/v2\/tags?post=3493"}],"curies":[{"name":"wp","href":"https:\/\/api.w.org\/{rel}","templated":true}]}}