{"id":3443,"date":"2025-07-03T09:49:50","date_gmt":"2025-07-03T07:49:50","guid":{"rendered":"https:\/\/pcf08.com\/?p=3443"},"modified":"2025-07-03T09:49:50","modified_gmt":"2025-07-03T07:49:50","slug":"lars-doit-agir-pour-la-sante","status":"publish","type":"post","link":"https:\/\/pcf08.com\/index.php\/2025\/07\/03\/lars-doit-agir-pour-la-sante\/","title":{"rendered":"L\u2019ARS doit agir pour la sant\u00e9"},"content":{"rendered":"<p align=\"justify\"><span style=\"color: #000000;\"><span style=\"font-family: Calibri, sans-serif;\"><span style=\"font-size: medium;\"><img loading=\"lazy\" decoding=\"async\" class=\"size-medium wp-image-3445 alignleft\" src=\"https:\/\/pcf08.com\/wp-content\/uploads\/2025\/07\/ghsa-300x141.png\" alt=\"\" width=\"300\" height=\"141\" srcset=\"https:\/\/pcf08.com\/wp-content\/uploads\/2025\/07\/ghsa-300x141.png 300w, https:\/\/pcf08.com\/wp-content\/uploads\/2025\/07\/ghsa.png 600w\" sizes=\"(max-width: 300px) 100vw, 300px\" \/>L\u2019ARS (Agence <\/span><\/span><\/span><span style=\"color: #000000;\"><span style=\"font-family: Calibri, sans-serif;\"><span style=\"font-size: medium;\">R<\/span><\/span><\/span><span style=\"color: #000000;\"><span style=\"font-family: Calibri, sans-serif;\"><span style=\"font-size: medium;\">\u00e9gionale de Sant\u00e9) a pour mission <\/span><\/span><\/span><span style=\"color: #000000;\"><span style=\"font-family: Calibri, sans-serif;\"><span style=\"font-size: medium;\">de <\/span><\/span><\/span><span style=\"color: #000000;\"><span style=\"font-family: Calibri, sans-serif;\"><span style=\"font-size: medium;\">d\u00e9velopper la sant\u00e9 sur notre territoire. C\u2019est dans ce cadre qu\u2019elle <\/span><\/span><\/span><span style=\"color: #000000;\"><span style=\"font-family: Calibri, sans-serif;\"><span style=\"font-size: medium;\">vient de<\/span><\/span><\/span><span style=\"color: #000000;\"><span style=\"font-family: Calibri, sans-serif;\"><span style=\"font-size: medium;\"> rendre public son soutien \u00e0 cinq projets ardennais pour r\u00e9duire les in\u00e9galit\u00e9s sociales <\/span><\/span><\/span><span style=\"color: #000000;\"><span style=\"font-family: Calibri, sans-serif;\"><span style=\"font-size: medium;\">en mati\u00e8re de sant\u00e9<\/span><\/span><\/span><span style=\"color: #000000;\"><span style=\"font-family: Calibri, sans-serif;\"><span style=\"font-size: medium;\">. Le montant de ce soutien \u00e0 des projets associatifs est de 32 447 euros. Si le fait d\u2019aider <\/span><\/span><\/span><span style=\"color: #000000;\"><span style=\"font-family: Calibri, sans-serif;\"><span style=\"font-size: medium;\">de tels<\/span><\/span><\/span><span style=\"color: #000000;\"><span style=\"font-family: Calibri, sans-serif;\"><span style=\"font-size: medium;\"> projets est louable ce n\u2019est pourtant <\/span><\/span><\/span><span style=\"color: #000000;\"><span style=\"font-family: Calibri, sans-serif;\"><span style=\"font-size: medium;\">pas<\/span><\/span><\/span><span style=\"color: #000000;\"><span style=\"font-family: Calibri, sans-serif;\"><span style=\"font-size: medium;\"> la pr\u00e9rogative <\/span><\/span><\/span><span style=\"color: #000000;\"><span style=\"font-family: Calibri, sans-serif;\"><span style=\"font-size: medium;\">principale<\/span><\/span><\/span><span style=\"color: #000000;\"><span style=\"font-family: Calibri, sans-serif;\"><span style=\"font-size: medium;\"> de l\u2019ARS. On attend de <\/span><\/span><\/span><span style=\"color: #000000;\"><span style=\"font-family: Calibri, sans-serif;\"><span style=\"font-size: medium;\">celle-ci<\/span><\/span><\/span><span style=\"color: #000000;\"><span style=\"font-family: Calibri, sans-serif;\"><span style=\"font-size: medium;\"> qu\u2019elle s\u2019investisse dans la gestion de l\u2019h\u00f4pital <\/span><\/span><\/span><span style=\"color: #000000;\"><span style=\"font-family: Calibri, sans-serif;\"><span style=\"font-size: medium;\">public.<\/span><\/span><\/span><span style=\"color: #000000;\"><span style=\"font-family: Calibri, sans-serif;\"><span style=\"font-size: medium;\"> La fermeture de la maternit\u00e9 de Sedan ou les d\u00e9serts m\u00e9dicaux ne sont que tr\u00e8s rarement \u00e9voqu\u00e9s par l\u2019ARS <\/span><\/span><\/span><span style=\"color: #000000;\"><span style=\"font-family: Calibri, sans-serif;\"><span style=\"font-size: medium;\">et surtout sans mesures concr\u00e8tes.<\/span><\/span><\/span><\/p>\n<p align=\"justify\"><span style=\"color: #000000;\"><span style=\"font-family: Calibri, sans-serif;\"><span style=\"font-size: medium;\">Un a<\/span><\/span><\/span><span style=\"color: #000000;\"><span style=\"font-family: Calibri, sans-serif;\"><span style=\"font-size: medium;\">utre <\/span><\/span><\/span><span style=\"color: #000000;\"><span style=\"font-family: Calibri, sans-serif;\"><span style=\"font-size: medium;\">\u00e9l\u00e9ment<\/span><\/span><\/span><span style=\"color: #000000;\"><span style=\"font-family: Calibri, sans-serif;\"><span style=\"font-size: medium;\"> qui montre la <\/span><\/span><\/span><span style=\"color: #000000;\"><span style=\"font-family: Calibri, sans-serif;\"><span style=\"font-size: medium;\">d\u00e9gradation<\/span><\/span><\/span><span style=\"color: #000000;\"><span style=\"font-family: Calibri, sans-serif;\"><span style=\"font-size: medium;\"> dans le domaine de la sant\u00e9 dans notre <\/span><\/span><\/span><span style=\"color: #000000;\"><span style=\"font-family: Calibri, sans-serif;\"><span style=\"font-size: medium;\">d\u00e9partement<\/span><\/span><\/span><span style=\"color: #000000;\"><span style=\"font-family: Calibri, sans-serif;\"><span style=\"font-size: medium;\">, <\/span><\/span><\/span><span style=\"color: #000000;\"><span style=\"font-family: Calibri, sans-serif;\"><span style=\"font-size: medium;\">c\u2019est l<\/span><\/span><\/span><span style=\"color: #000000;\"><span style=\"font-family: Calibri, sans-serif;\"><span style=\"font-size: medium;\">a mise sous tutelle du GH<\/span><\/span><\/span><span style=\"color: #000000;\"><span style=\"font-family: Calibri, sans-serif;\"><span style=\"font-size: medium;\">S<\/span><\/span><\/span><span style=\"color: #000000;\"><span style=\"font-family: Calibri, sans-serif;\"><span style=\"font-size: medium;\">A (<\/span><\/span><\/span><span style=\"color: #000000;\"><span style=\"font-family: Calibri, sans-serif;\"><span style=\"font-size: medium;\">G<\/span><\/span><\/span><span style=\"color: #000000;\"><span style=\"font-family: Calibri, sans-serif;\"><span style=\"font-size: medium;\">roupe <\/span><\/span><\/span><span style=\"color: #000000;\"><span style=\"font-family: Calibri, sans-serif;\"><span style=\"font-size: medium;\">Hospitalier<\/span><\/span><\/span> <span style=\"color: #000000;\"><span style=\"font-family: Calibri, sans-serif;\"><span style=\"font-size: medium;\">S<\/span><\/span><\/span><span style=\"color: #000000;\"><span style=\"font-family: Calibri, sans-serif;\"><span style=\"font-size: medium;\">ud Ardennes). <\/span><\/span><\/span><span style=\"color: #000000;\"><span style=\"font-family: Calibri, sans-serif;\"><span style=\"font-size: medium;\">Il s\u2019agit de mettre sous administration provisoire, pour les six prochains mois, les h\u00f4pitaux de Rethel et Vouziers.<\/span><\/span><\/span><span style=\"color: #000000;\"><span style=\"font-family: Calibri, sans-serif;\"><span style=\"font-size: medium;\"> Cette mesure <\/span><\/span><\/span><span style=\"color: #000000;\"><span style=\"font-family: Calibri, sans-serif;\"><span style=\"font-size: medium;\">sans pr\u00e9c\u00e9dent<\/span><\/span><\/span> <span style=\"color: #000000;\"><span style=\"font-family: Calibri, sans-serif;\"><span style=\"font-size: medium;\">intervient<\/span><\/span><\/span><span style=\"color: #000000;\"><span style=\"font-family: Calibri, sans-serif;\"><span style=\"font-size: medium;\"> suite \u00e0 des dysfonctionnement<\/span><\/span><\/span><span style=\"color: #000000;\"><span style=\"font-family: Calibri, sans-serif;\"><span style=\"font-size: medium;\">s<\/span><\/span><\/span><span style=\"color: #000000;\"><span style=\"font-family: Calibri, sans-serif;\"><span style=\"font-size: medium;\"> des sites hospitaliers. L\u2019objectif est de reconstruire <\/span><\/span><\/span><span style=\"color: #000000;\"><span style=\"font-family: Calibri, sans-serif;\"><span style=\"font-size: medium;\">une offre de soins p\u00e9renne et de mettre les blocs op\u00e9ratoires en <\/span><\/span><\/span><span style=\"color: #000000;\"><span style=\"font-family: Calibri, sans-serif;\"><span style=\"font-size: medium;\">conformit\u00e9. <\/span><\/span><\/span><\/p>\n<p align=\"justify\"><span style=\"color: #000000;\"><span style=\"font-family: Calibri, sans-serif;\"><span style=\"font-size: medium;\">Il y a urgence de mettre l\u2019ARS au <\/span><\/span><\/span><span style=\"color: #000000;\"><span style=\"font-family: Calibri, sans-serif;\"><span style=\"font-size: medium;\">c\u0153ur<\/span><\/span><\/span><span style=\"color: #000000;\"><span style=\"font-family: Calibri, sans-serif;\"><span style=\"font-size: medium;\"> de ses pr\u00e9rogatives, un bon <\/span><\/span><\/span><span style=\"color: #000000;\"><span style=\"font-family: Calibri, sans-serif;\"><span style=\"font-size: medium;\">niveau<\/span><\/span><\/span><span style=\"color: #000000;\"><span style=\"font-family: Calibri, sans-serif;\"><span style=\"font-size: medium;\"> de sant\u00e9. <\/span><\/span><\/span><span style=\"color: #000000;\"><span style=\"font-family: Calibri, sans-serif;\"><span style=\"font-size: medium;\">Mais les ARS ne font que suivre les directives minist\u00e9rielles qui leurs sont dict\u00e9es.<\/span><\/span><\/span><\/p>\n<p align=\"justify\">\n<p align=\"right\"><span style=\"color: #000000;\"><span style=\"font-family: Calibri, sans-serif;\"><span style=\"font-size: medium;\">Sylvain DALLA ROSA<\/span><\/span><\/span><\/p>\n","protected":false},"excerpt":{"rendered":"<p>L\u2019ARS (Agence R\u00e9gionale de Sant\u00e9) a pour mission de d\u00e9velopper la sant\u00e9 sur notre territoire. C\u2019est dans ce cadre qu\u2019elle vient de rendre public son soutien \u00e0 cinq projets ardennais pour r\u00e9duire les in\u00e9galit\u00e9s sociales en mati\u00e8re de sant\u00e9. Le montant de ce soutien \u00e0 des projets associatifs est de 32 447 euros. Si le [&hellip;]<\/p>\n","protected":false},"author":4,"featured_media":0,"comment_status":"closed","ping_status":"open","sticky":false,"template":"","format":"standard","meta":{"saved_in_kubio":false,"footnotes":""},"categories":[1],"tags":[],"class_list":["post-3443","post","type-post","status-publish","format-standard","hentry","category-non-classe"],"_links":{"self":[{"href":"https:\/\/pcf08.com\/index.php\/wp-json\/wp\/v2\/posts\/3443","targetHints":{"allow":["GET"]}}],"collection":[{"href":"https:\/\/pcf08.com\/index.php\/wp-json\/wp\/v2\/posts"}],"about":[{"href":"https:\/\/pcf08.com\/index.php\/wp-json\/wp\/v2\/types\/post"}],"author":[{"embeddable":true,"href":"https:\/\/pcf08.com\/index.php\/wp-json\/wp\/v2\/users\/4"}],"replies":[{"embeddable":true,"href":"https:\/\/pcf08.com\/index.php\/wp-json\/wp\/v2\/comments?post=3443"}],"version-history":[{"count":1,"href":"https:\/\/pcf08.com\/index.php\/wp-json\/wp\/v2\/posts\/3443\/revisions"}],"predecessor-version":[{"id":3446,"href":"https:\/\/pcf08.com\/index.php\/wp-json\/wp\/v2\/posts\/3443\/revisions\/3446"}],"wp:attachment":[{"href":"https:\/\/pcf08.com\/index.php\/wp-json\/wp\/v2\/media?parent=3443"}],"wp:term":[{"taxonomy":"category","embeddable":true,"href":"https:\/\/pcf08.com\/index.php\/wp-json\/wp\/v2\/categories?post=3443"},{"taxonomy":"post_tag","embeddable":true,"href":"https:\/\/pcf08.com\/index.php\/wp-json\/wp\/v2\/tags?post=3443"}],"curies":[{"name":"wp","href":"https:\/\/api.w.org\/{rel}","templated":true}]}}