{"id":3428,"date":"2025-06-26T13:37:50","date_gmt":"2025-06-26T11:37:50","guid":{"rendered":"https:\/\/pcf08.com\/?p=3428"},"modified":"2025-06-26T13:37:50","modified_gmt":"2025-06-26T11:37:50","slug":"la-region-grand-est-toujours-contestee-et-contestable","status":"publish","type":"post","link":"https:\/\/pcf08.com\/index.php\/2025\/06\/26\/la-region-grand-est-toujours-contestee-et-contestable\/","title":{"rendered":"La r\u00e9gion Grand Est toujours contest\u00e9e et contestable\u00a0!"},"content":{"rendered":"<p align=\"justify\"><span style=\"color: #000000;\"><span style=\"font-family: Times New Roman, serif;\"><span style=\"font-size: x-large;\"><span style=\"font-size: medium;\"><img loading=\"lazy\" decoding=\"async\" class=\"size-medium wp-image-3429 alignleft\" src=\"https:\/\/pcf08.com\/wp-content\/uploads\/2025\/06\/GRAND-EST-300x100.png\" alt=\"\" width=\"300\" height=\"100\" srcset=\"https:\/\/pcf08.com\/wp-content\/uploads\/2025\/06\/GRAND-EST-300x100.png 300w, https:\/\/pcf08.com\/wp-content\/uploads\/2025\/06\/GRAND-EST-1024x340.png 1024w, https:\/\/pcf08.com\/wp-content\/uploads\/2025\/06\/GRAND-EST-768x255.png 768w, https:\/\/pcf08.com\/wp-content\/uploads\/2025\/06\/GRAND-EST-1536x510.png 1536w, https:\/\/pcf08.com\/wp-content\/uploads\/2025\/06\/GRAND-EST-2048x680.png 2048w\" sizes=\"(max-width: 300px) 100vw, 300px\" \/>La r\u00e9gion Grand Est est n\u00e9e en janvier 2016. L\u2019objectif inavou\u00e9 du gouvernement de l\u2019\u00e9poque \u00e9tait de confier des comp\u00e9tences de gestion le plus loin possible des habitants. Ce sont donc 13 r\u00e9gions en France m\u00e9tropolitaine qui sont d\u00e9sormais l\u2019\u00e9chelon r\u00e9gional. Ainsi la gestion des d\u00e9chets, de l\u2019eau et l\u2019assainissement ou la politique \u00e9conomique\u2026 sont d\u00e9sormais confi\u00e9s aux grandes r\u00e9gions.<\/span><\/span><\/span><\/span><\/p>\n<p align=\"justify\"><span style=\"color: #000000;\"><span style=\"font-family: Times New Roman, serif;\"><span style=\"font-size: x-large;\"><span style=\"font-size: medium;\"> C\u2019est donc au 1<\/span><sup><span style=\"font-size: medium;\">er<\/span><\/sup><span style=\"font-size: medium;\"> janvier 2016 que la r\u00e9forme est entr\u00e9e en vigueur. Celle ci ne fait pas que des heureux. La perte de comp\u00e9tences primordiales pour la gestion de proximit\u00e9 est un mauvais coup pour la d\u00e9mocratie. D\u2019autant que les nouvelles r\u00e9gions sont une cohabitation entre territoires pauvres et ceux qui surnagent dans la crise \u00e9conomique. Ainsi, c\u2019est le cas pour la r\u00e9gion Grand Est dont font partie les Ardennes. Il faut beaucoup d\u2019imagination pour trouver des points communs entre notre d\u00e9partement et l\u2019Alsace. Cela fait bient\u00f4t 10 ans que cette r\u00e9forme a eu lieu et les cicatrices de la fusion sont toujours d\u2019actualit\u00e9. <\/span><\/span><\/span><\/span><\/p>\n<p align=\"justify\"><span style=\"color: #000000;\"><span style=\"font-family: Times New Roman, serif;\"><span style=\"font-size: x-large;\"><span style=\"font-size: medium;\"> Selon un r\u00e9cent sondage ce sont 72% des Alsaciens qui sont pour la sortie du Grand Est de leur territoire. Cette situation montre \u00e0 l\u2019\u00e9vidence que les politiques de gestion ne sont pas les m\u00eames entre les Ardennes et l\u2019Alsace ou la Lorraine. Le r\u00e9cent d\u00e9bat budg\u00e9taire pour la r\u00e9gion Grand Est montre que chaque territoire n\u2019est pas frapp\u00e9 par la crise de la m\u00eame fa\u00e7on. Ainsi le budget du Grand Est pour 2025 conna\u00eet une baisse de dotation de 135 millions d\u2019euros.<\/span><\/span><\/span><\/span><\/p>\n<p align=\"justify\"><span style=\"color: #000000;\"><span style=\"font-family: Times New Roman, serif;\"><span style=\"font-size: x-large;\"><span style=\"font-size: medium;\"> Sylvain DALLA ROSA<\/span><\/span><\/span><\/span><\/p>\n","protected":false},"excerpt":{"rendered":"<p>La r\u00e9gion Grand Est est n\u00e9e en janvier 2016. L\u2019objectif inavou\u00e9 du gouvernement de l\u2019\u00e9poque \u00e9tait de confier des comp\u00e9tences de gestion le plus loin possible des habitants. Ce sont donc 13 r\u00e9gions en France m\u00e9tropolitaine qui sont d\u00e9sormais l\u2019\u00e9chelon r\u00e9gional. Ainsi la gestion des d\u00e9chets, de l\u2019eau et l\u2019assainissement ou la politique \u00e9conomique\u2026 sont [&hellip;]<\/p>\n","protected":false},"author":4,"featured_media":0,"comment_status":"closed","ping_status":"open","sticky":false,"template":"","format":"standard","meta":{"saved_in_kubio":false,"footnotes":""},"categories":[1],"tags":[],"class_list":["post-3428","post","type-post","status-publish","format-standard","hentry","category-non-classe"],"_links":{"self":[{"href":"https:\/\/pcf08.com\/index.php\/wp-json\/wp\/v2\/posts\/3428","targetHints":{"allow":["GET"]}}],"collection":[{"href":"https:\/\/pcf08.com\/index.php\/wp-json\/wp\/v2\/posts"}],"about":[{"href":"https:\/\/pcf08.com\/index.php\/wp-json\/wp\/v2\/types\/post"}],"author":[{"embeddable":true,"href":"https:\/\/pcf08.com\/index.php\/wp-json\/wp\/v2\/users\/4"}],"replies":[{"embeddable":true,"href":"https:\/\/pcf08.com\/index.php\/wp-json\/wp\/v2\/comments?post=3428"}],"version-history":[{"count":1,"href":"https:\/\/pcf08.com\/index.php\/wp-json\/wp\/v2\/posts\/3428\/revisions"}],"predecessor-version":[{"id":3430,"href":"https:\/\/pcf08.com\/index.php\/wp-json\/wp\/v2\/posts\/3428\/revisions\/3430"}],"wp:attachment":[{"href":"https:\/\/pcf08.com\/index.php\/wp-json\/wp\/v2\/media?parent=3428"}],"wp:term":[{"taxonomy":"category","embeddable":true,"href":"https:\/\/pcf08.com\/index.php\/wp-json\/wp\/v2\/categories?post=3428"},{"taxonomy":"post_tag","embeddable":true,"href":"https:\/\/pcf08.com\/index.php\/wp-json\/wp\/v2\/tags?post=3428"}],"curies":[{"name":"wp","href":"https:\/\/api.w.org\/{rel}","templated":true}]}}