{"id":3426,"date":"2025-06-26T13:35:24","date_gmt":"2025-06-26T11:35:24","guid":{"rendered":"https:\/\/pcf08.com\/?p=3426"},"modified":"2025-06-26T13:35:24","modified_gmt":"2025-06-26T11:35:24","slug":"40-milliards-de-deconomie-sans-toucher-aux-riches","status":"publish","type":"post","link":"https:\/\/pcf08.com\/index.php\/2025\/06\/26\/40-milliards-de-deconomie-sans-toucher-aux-riches\/","title":{"rendered":"40 milliards d\u2019\u20ac d\u2019\u00e9conomie sans toucher aux riches"},"content":{"rendered":"<p align=\"justify\"><span style=\"font-family: Times New Roman, serif;\"><span style=\"font-size: medium;\">La loi Zucman adopt\u00e9e \u00e0 l\u2019Assembl\u00e9e nationale le 20 f\u00e9vrier n\u2019a pas pass\u00e9 l\u2019\u00e9preuve du S\u00e9nat le 12 juin avec 129 voix pour et 188 contre. Il faut trouver 40 milliards d\u2019\u20ac en se privant de taxer de 2\u00a0% le patrimoine des 0,01\u00a0% des Fran\u00e7ais les plus riches soit 1 800 contribuables\u00a0!<\/span><\/span><\/p>\n<p align=\"justify\"><span style=\"font-family: Times New Roman, serif;\"><span style=\"font-size: medium;\"> Cette loi n\u2019est pourtant pas r\u00e9volutionnaire dans le sens o\u00f9 on l\u2019entend. Ces millionnaires continueraient de s\u2019enrichir mais cette mesure pourrait rapporter 20 milliards sur les 40 estim\u00e9s n\u00e9cessaires. Faire participer \u00e0 l\u2019effort national cette caste c\u2019est donc non pour la majorit\u00e9 des s\u00e9nateurs, avec toujours les m\u00eames arguments poussi\u00e9reux, l\u2019hypoth\u00e9tique exil fiscal et un mauvais signal pour les investisseurs \u00e9trangers\u00a0! Aucune r\u00e9alit\u00e9, aucune \u00e9tude n\u2019argumentent ces inqui\u00e9tudes du grand capital. Pour \u00e9viter cet \u00e9cueil et un \u00e9ventuel exil fiscal resservi \u00e0 chaque fois, la loi Zucman a de novateur qu\u2019elle pr\u00e9voit un bouclier qui permet de soumettre les pr\u00e9suppos\u00e9s exil\u00e9s \u00e0 un imp\u00f4t plancher de 2\u00a0% jusqu\u2019\u00e0 5 ans apr\u00e8s leur fuite\u00a0!<\/span><\/span><\/p>\n<p align=\"justify\"><span style=\"font-family: Times New Roman, serif;\"><span style=\"font-size: medium;\"> 80\u00a0% des Fran\u00e7ais sont favorables \u00e0 la taxation des plus riches. C\u2019est donc un scandale d\u00e9mocratique d\u2019y renoncer en cette p\u00e9riode de \u00ab\u00a0disette\u00a0\u00bb. Les Fran\u00e7ais ne sont pas dupes sur les in\u00e9galit\u00e9s fiscales qui existent dans notre pays. Ils demandent un syst\u00e8me plus juste, plus progressif pour que chacun participe de fa\u00e7on proportionnelle \u00e0 l\u2019effort de solidarit\u00e9 nationale.<\/span><\/span><\/p>\n<p align=\"justify\"><span style=\"font-family: Times New Roman, serif;\"><span style=\"font-size: medium;\"> Aujourd\u2019hui, demander toujours plus d\u2019efforts \u00e0 la majorit\u00e9 des Fran\u00e7ais sans corriger ces anomalies in\u00e9galitaires est inacceptable. Depuis l\u2019\u00e9lection du locataire de l\u2019\u00c9lys\u00e9e, les 500 premi\u00e8res fortunes de France ont vu leur patrimoine exploser, passant de 200 \u00e0 1 200milliards\u00a0! La justice devant l\u2019imp\u00f4t est au centre de l\u2019adh\u00e9sion d\u00e9mocratique du peuple de France.<\/span><\/span><\/p>\n<p align=\"justify\"><span style=\"font-family: Times New Roman, serif;\"><span style=\"font-size: medium;\"> Le S\u00e9nat a rejet\u00e9 la loi, le match retour se fera \u00e0 l\u2019Assembl\u00e9e, la gauche le pr\u00e9pare et les communistes y prendront toute leur part.<\/span><\/span><\/p>\n<p align=\"justify\"><span style=\"color: #000000;\"><span style=\"font-family: Times New Roman, serif;\"><span style=\"font-size: medium;\">La censure n\u2019est pas loin si le camp pr\u00e9sidentiel s\u2019obstine \u00e0 pr\u00e9server les plus riches et \u00ab\u00a0rincer\u00a0\u00bb le reste de la population. <\/span><\/span><\/span><\/p>\n<p align=\"justify\">\n<p align=\"justify\"><span style=\"color: #000000;\"><span style=\"font-family: Times New Roman, serif;\"><span style=\"font-size: medium;\"><b> <\/b>Corine POSTAL<\/span><\/span><\/span><\/p>\n","protected":false},"excerpt":{"rendered":"<p>La loi Zucman adopt\u00e9e \u00e0 l\u2019Assembl\u00e9e nationale le 20 f\u00e9vrier n\u2019a pas pass\u00e9 l\u2019\u00e9preuve du S\u00e9nat le 12 juin avec 129 voix pour et 188 contre. Il faut trouver 40 milliards d\u2019\u20ac en se privant de taxer de 2\u00a0% le patrimoine des 0,01\u00a0% des Fran\u00e7ais les plus riches soit 1 800 contribuables\u00a0! Cette loi n\u2019est [&hellip;]<\/p>\n","protected":false},"author":4,"featured_media":0,"comment_status":"closed","ping_status":"open","sticky":false,"template":"","format":"standard","meta":{"saved_in_kubio":false,"footnotes":""},"categories":[1],"tags":[],"class_list":["post-3426","post","type-post","status-publish","format-standard","hentry","category-non-classe"],"_links":{"self":[{"href":"https:\/\/pcf08.com\/index.php\/wp-json\/wp\/v2\/posts\/3426","targetHints":{"allow":["GET"]}}],"collection":[{"href":"https:\/\/pcf08.com\/index.php\/wp-json\/wp\/v2\/posts"}],"about":[{"href":"https:\/\/pcf08.com\/index.php\/wp-json\/wp\/v2\/types\/post"}],"author":[{"embeddable":true,"href":"https:\/\/pcf08.com\/index.php\/wp-json\/wp\/v2\/users\/4"}],"replies":[{"embeddable":true,"href":"https:\/\/pcf08.com\/index.php\/wp-json\/wp\/v2\/comments?post=3426"}],"version-history":[{"count":1,"href":"https:\/\/pcf08.com\/index.php\/wp-json\/wp\/v2\/posts\/3426\/revisions"}],"predecessor-version":[{"id":3427,"href":"https:\/\/pcf08.com\/index.php\/wp-json\/wp\/v2\/posts\/3426\/revisions\/3427"}],"wp:attachment":[{"href":"https:\/\/pcf08.com\/index.php\/wp-json\/wp\/v2\/media?parent=3426"}],"wp:term":[{"taxonomy":"category","embeddable":true,"href":"https:\/\/pcf08.com\/index.php\/wp-json\/wp\/v2\/categories?post=3426"},{"taxonomy":"post_tag","embeddable":true,"href":"https:\/\/pcf08.com\/index.php\/wp-json\/wp\/v2\/tags?post=3426"}],"curies":[{"name":"wp","href":"https:\/\/api.w.org\/{rel}","templated":true}]}}