{"id":3381,"date":"2025-05-30T10:23:49","date_gmt":"2025-05-30T08:23:49","guid":{"rendered":"https:\/\/pcf08.com\/?p=3381"},"modified":"2025-05-30T10:24:22","modified_gmt":"2025-05-30T08:24:22","slug":"le-pluralisme-bafoue","status":"publish","type":"post","link":"https:\/\/pcf08.com\/index.php\/2025\/05\/30\/le-pluralisme-bafoue\/","title":{"rendered":"Le pluralisme bafou\u00e9"},"content":{"rendered":"<p align=\"justify\"><span style=\"font-family: Calibri, sans-serif;\"><img loading=\"lazy\" decoding=\"async\" class=\"size-full wp-image-3383 alignleft\" src=\"https:\/\/pcf08.com\/wp-content\/uploads\/2025\/05\/pluralisme.png\" alt=\"\" width=\"258\" height=\"114\" \/>Le pluralisme de la campagne pour les prochaines \u00e9lections municipales (mars 2026) commence mal dans le journal l\u2019Ardennais appartenant au groupe belge Rossel. Dans un billet qui se pr\u00e9tend inform\u00e9, est annonc\u00e9 en vrac la candidature probable du maire de droite de Charleville-M\u00e9zi\u00e8res et l\u2019absence de la gauche. <\/span><\/p>\n<p align=\"justify\"><span style=\"font-family: Calibri, sans-serif;\">Si le r\u00e9dacteur (trice) avait pris soin de se renseigner on aurait pu lui dire que la gauche et un mouvement citoyen se sont d\u00e9j\u00e0 r\u00e9unis avec la participation de toutes les composantes carolomac\u00e9riennes. A cette occasion a \u00e9t\u00e9 d\u00e9battue la n\u00e9cessit\u00e9 d\u2019avoir une liste commune de la gauche. D\u2019ores et d\u00e9j\u00e0 des groupes de r\u00e9flexion ont \u00e9t\u00e9 mis en place. Il faut dire que ce n\u2019est pas la premi\u00e8re fois que le maire sortant est largement cit\u00e9 dans le journal local. On peut m\u00eame dire que c\u2019est r\u00e9gulier. <\/span><\/p>\n<p align=\"justify\"><span style=\"font-family: Calibri, sans-serif;\">Autre d\u00e9sinformation est l\u2019annonce affich\u00e9e que pendant le mandat municipal qui s\u2019ach\u00e8ve il n\u2019y a pas eu d\u2019opposition au maire de droite. Pendant toute cette p\u00e9riode les trois membres de l\u2019opposition municipale ont mis toute leur \u00e9nergie pour combattre la gestion du maire et en priorit\u00e9 de d\u00e9fendre les services publics. Cette opposition a \u00e9t\u00e9 largement censur\u00e9e.<\/span><\/p>\n<p align=\"justify\"><span style=\"font-family: Calibri, sans-serif;\"> Il y a quelques semaines l\u2019Ardennais avait publi\u00e9 un encart annon\u00e7ant que le journal respecterait le pluralisme. C\u2019est mal parti\u2026\u2026<\/span><\/p>\n<p align=\"right\"><span style=\"font-family: Calibri, sans-serif;\">Sylvain DALLA ROSA<\/span><\/p>\n","protected":false},"excerpt":{"rendered":"<p>Le pluralisme de la campagne pour les prochaines \u00e9lections municipales (mars 2026) commence mal dans le journal l\u2019Ardennais appartenant au groupe belge Rossel. Dans un billet qui se pr\u00e9tend inform\u00e9, est annonc\u00e9 en vrac la candidature probable du maire de droite de Charleville-M\u00e9zi\u00e8res et l\u2019absence de la gauche. Si le r\u00e9dacteur (trice) avait pris soin [&hellip;]<\/p>\n","protected":false},"author":4,"featured_media":0,"comment_status":"closed","ping_status":"open","sticky":false,"template":"","format":"standard","meta":{"saved_in_kubio":false,"footnotes":""},"categories":[1],"tags":[],"class_list":["post-3381","post","type-post","status-publish","format-standard","hentry","category-non-classe"],"_links":{"self":[{"href":"https:\/\/pcf08.com\/index.php\/wp-json\/wp\/v2\/posts\/3381","targetHints":{"allow":["GET"]}}],"collection":[{"href":"https:\/\/pcf08.com\/index.php\/wp-json\/wp\/v2\/posts"}],"about":[{"href":"https:\/\/pcf08.com\/index.php\/wp-json\/wp\/v2\/types\/post"}],"author":[{"embeddable":true,"href":"https:\/\/pcf08.com\/index.php\/wp-json\/wp\/v2\/users\/4"}],"replies":[{"embeddable":true,"href":"https:\/\/pcf08.com\/index.php\/wp-json\/wp\/v2\/comments?post=3381"}],"version-history":[{"count":2,"href":"https:\/\/pcf08.com\/index.php\/wp-json\/wp\/v2\/posts\/3381\/revisions"}],"predecessor-version":[{"id":3384,"href":"https:\/\/pcf08.com\/index.php\/wp-json\/wp\/v2\/posts\/3381\/revisions\/3384"}],"wp:attachment":[{"href":"https:\/\/pcf08.com\/index.php\/wp-json\/wp\/v2\/media?parent=3381"}],"wp:term":[{"taxonomy":"category","embeddable":true,"href":"https:\/\/pcf08.com\/index.php\/wp-json\/wp\/v2\/categories?post=3381"},{"taxonomy":"post_tag","embeddable":true,"href":"https:\/\/pcf08.com\/index.php\/wp-json\/wp\/v2\/tags?post=3381"}],"curies":[{"name":"wp","href":"https:\/\/api.w.org\/{rel}","templated":true}]}}