{"id":3378,"date":"2025-05-30T10:23:02","date_gmt":"2025-05-30T08:23:02","guid":{"rendered":"https:\/\/pcf08.com\/?p=3378"},"modified":"2025-05-30T10:23:02","modified_gmt":"2025-05-30T08:23:02","slug":"la-psychiatrie-maltraitee","status":"publish","type":"post","link":"https:\/\/pcf08.com\/index.php\/2025\/05\/30\/la-psychiatrie-maltraitee\/","title":{"rendered":"La psychiatrie maltrait\u00e9e"},"content":{"rendered":"<p align=\"justify\"><span style=\"font-family: Calibri, sans-serif;\"><img loading=\"lazy\" decoding=\"async\" class=\"size-medium wp-image-3379 alignleft\" src=\"https:\/\/pcf08.com\/wp-content\/uploads\/2025\/05\/invitationAGcharleville-300x251.jpg\" alt=\"\" width=\"300\" height=\"251\" srcset=\"https:\/\/pcf08.com\/wp-content\/uploads\/2025\/05\/invitationAGcharleville-300x251.jpg 300w, https:\/\/pcf08.com\/wp-content\/uploads\/2025\/05\/invitationAGcharleville-768x644.jpg 768w, https:\/\/pcf08.com\/wp-content\/uploads\/2025\/05\/invitationAGcharleville.jpg 940w\" sizes=\"(max-width: 300px) 100vw, 300px\" \/>L\u2019acc\u00e8s aux soins est de plus en plus compliqu\u00e9\u00a0! Dans ce cadre, la psychiatrie est particuli\u00e8rement malmen\u00e9e. Les Secteurs de psychiatrie ne sont plus seulement en incapacit\u00e9 de r\u00e9pondre aux besoins, mais se trouvent de plus en plus maltraitants et d\u00e9shumanisants, tant pour la population que pour les soignants.<\/span><\/p>\n<p align=\"justify\"><span style=\"font-family: Calibri, sans-serif;\">Les choix politiques aust\u00e9ritaires ont conduit \u00e0 renoncer aux missions fondamentales de prise en charge des souffrances psychiques des plus graves aux plus b\u00e9nignes avec une continuit\u00e9 des soins.<\/span><\/p>\n<p align=\"justify\"><span style=\"font-family: Calibri, sans-serif;\">Cela s\u2019est traduit par des tris successifs aboutissant \u00e0 la situation actuelle o\u00f9 seuls les plus malades et en crise sont pris en charge. On a dissoci\u00e9 psychiatrie et sant\u00e9 mentale et segmenter les prises en charges.<\/span><\/p>\n<p align=\"justify\"><span style=\"font-family: Calibri, sans-serif;\">Les moins malades ne rel\u00e8veraient pas de la psychiatrie de secteur, mais des dispositifs dits de sant\u00e9 mentale (quelques consultations chez le psychologue). Cela donne le sentiment d\u2019une r\u00e9ponse gradu\u00e9e et d\u00e9grad\u00e9e l\u00e0 o\u00f9 il s\u2019agit en fait d\u2019une discontinuit\u00e9 organis\u00e9e des soins et du d\u00e9pe\u00e7age du service public avec orientation vers le secteur lib\u00e9ral et le priv\u00e9 lucratif, all\u00e8grement financ\u00e9 par la S\u00e9curit\u00e9 Sociale.<\/span><\/p>\n<p align=\"right\"><span style=\"font-family: Calibri, sans-serif;\">Mich\u00e8le LEFLON<\/span><\/p>\n","protected":false},"excerpt":{"rendered":"<p>L\u2019acc\u00e8s aux soins est de plus en plus compliqu\u00e9\u00a0! Dans ce cadre, la psychiatrie est particuli\u00e8rement malmen\u00e9e. Les Secteurs de psychiatrie ne sont plus seulement en incapacit\u00e9 de r\u00e9pondre aux besoins, mais se trouvent de plus en plus maltraitants et d\u00e9shumanisants, tant pour la population que pour les soignants. Les choix politiques aust\u00e9ritaires ont conduit [&hellip;]<\/p>\n","protected":false},"author":4,"featured_media":0,"comment_status":"closed","ping_status":"open","sticky":false,"template":"","format":"standard","meta":{"saved_in_kubio":false,"footnotes":""},"categories":[1],"tags":[],"class_list":["post-3378","post","type-post","status-publish","format-standard","hentry","category-non-classe"],"_links":{"self":[{"href":"https:\/\/pcf08.com\/index.php\/wp-json\/wp\/v2\/posts\/3378","targetHints":{"allow":["GET"]}}],"collection":[{"href":"https:\/\/pcf08.com\/index.php\/wp-json\/wp\/v2\/posts"}],"about":[{"href":"https:\/\/pcf08.com\/index.php\/wp-json\/wp\/v2\/types\/post"}],"author":[{"embeddable":true,"href":"https:\/\/pcf08.com\/index.php\/wp-json\/wp\/v2\/users\/4"}],"replies":[{"embeddable":true,"href":"https:\/\/pcf08.com\/index.php\/wp-json\/wp\/v2\/comments?post=3378"}],"version-history":[{"count":1,"href":"https:\/\/pcf08.com\/index.php\/wp-json\/wp\/v2\/posts\/3378\/revisions"}],"predecessor-version":[{"id":3380,"href":"https:\/\/pcf08.com\/index.php\/wp-json\/wp\/v2\/posts\/3378\/revisions\/3380"}],"wp:attachment":[{"href":"https:\/\/pcf08.com\/index.php\/wp-json\/wp\/v2\/media?parent=3378"}],"wp:term":[{"taxonomy":"category","embeddable":true,"href":"https:\/\/pcf08.com\/index.php\/wp-json\/wp\/v2\/categories?post=3378"},{"taxonomy":"post_tag","embeddable":true,"href":"https:\/\/pcf08.com\/index.php\/wp-json\/wp\/v2\/tags?post=3378"}],"curies":[{"name":"wp","href":"https:\/\/api.w.org\/{rel}","templated":true}]}}