{"id":3375,"date":"2025-05-30T10:21:55","date_gmt":"2025-05-30T08:21:55","guid":{"rendered":"https:\/\/pcf08.com\/?p=3375"},"modified":"2025-05-30T10:21:55","modified_gmt":"2025-05-30T08:21:55","slug":"le-departement-au-pain-sec-et-a-leau","status":"publish","type":"post","link":"https:\/\/pcf08.com\/index.php\/2025\/05\/30\/le-departement-au-pain-sec-et-a-leau\/","title":{"rendered":"Le d\u00e9partement \u00ab\u00a0au pain sec et \u00e0 l\u2019eau\u00a0\u00bb"},"content":{"rendered":"<p align=\"justify\"><span style=\"font-family: Calibri, sans-serif;\"><img loading=\"lazy\" decoding=\"async\" class=\"size-medium wp-image-3376 alignleft\" src=\"https:\/\/pcf08.com\/wp-content\/uploads\/2025\/05\/conseil-departemental-300x186.png\" alt=\"\" width=\"300\" height=\"186\" srcset=\"https:\/\/pcf08.com\/wp-content\/uploads\/2025\/05\/conseil-departemental-300x186.png 300w, https:\/\/pcf08.com\/wp-content\/uploads\/2025\/05\/conseil-departemental.png 336w\" sizes=\"(max-width: 300px) 100vw, 300px\" \/>Les diff\u00e9rentes collectivit\u00e9s sont soumises \u00e0 une cure d\u2019aust\u00e9rit\u00e9. Le dernier en date \u00e0 s\u2019exprimer sur cette question est le pr\u00e9sident de droite du conseil d\u00e9partemental des Ardennes (CD 08). Plut\u00f4t que de r\u00e9clamer une r\u00e9forme profonde de la politique \u00e0 l\u2019\u00e9gard des diff\u00e9rentes collectivit\u00e9s N. Bourgeois cherche \u00e0 r\u00e9aliser des \u00e9conomies. Il envisage de diminuer le nombre des salari\u00e9s du d\u00e9partement. Pour faire face aux diff\u00e9rentes comp\u00e9tences qui d\u00e9pendent des conseils d\u00e9partementaux, la droite pr\u00e9conise de tailler dans les effectifs. Le non renouvellement des d\u00e9parts s\u2019inscrit dans une volont\u00e9 de r\u00e9duire le service public. Actuellement le CD08 compte 1700 emplois. Avec cette politique combien restera t-il d\u2019employ\u00e9s, au service des habitants, dans les ann\u00e9es qui viennent ?<\/span><\/p>\n<p align=\"justify\"><span style=\"font-family: Calibri, sans-serif;\">R\u00e9cemment le pr\u00e9sident du CD08 a tent\u00e9 de justifier sa d\u00e9marche et menace de rendre les clefs du d\u00e9partement au Pr\u00e9fet des Ardennes. Par ailleurs il se f\u00e9licite de la r\u00e9duction de la dette du d\u00e9partement qui se monte d\u00e9sormais \u00e0 145 millions d\u2019euros soit 80 millions \u00e9conomis\u00e9s en 6 ans au d\u00e9triment d\u2019investissements. Dans la m\u00eame logique il est s\u00e9rieusement envisag\u00e9 de ne plus financer le RSA. Autant de mesures qui affaiblissent notre d\u00e9partement.<\/span><\/p>\n<p align=\"justify\"><span style=\"font-family: Calibri, sans-serif;\">Sollicit\u00e9 de toute part le gouvernement ne peut plus faire la sourde oreille. Il vient de lancer une concertation avec les \u00e9lus locaux sur quatre grands chantiers. Les finances des d\u00e9partements seront au c\u0153ur des d\u00e9bats. D\u2019ores et d\u00e9j\u00e0 les \u00ab\u00a0d\u00e9s sont pip\u00e9s\u00a0\u00bb car le gouvernement annonce vouloir faire 2,2 milliards d\u2019\u00e9conomies dans la gestion des collectivit\u00e9s. Cette purge financi\u00e8re frappe les collectivit\u00e9s de plein fouet. Une v\u00e9ritable politique de progr\u00e8s passe par le r\u00e9tablissement de l\u2019imp\u00f4t de solidarit\u00e9 sur la fortune (ISF).<\/span><\/p>\n<p align=\"right\"><span style=\"font-family: Calibri, sans-serif;\">Sylvain DALLA ROSA<\/span><\/p>\n","protected":false},"excerpt":{"rendered":"<p>Les diff\u00e9rentes collectivit\u00e9s sont soumises \u00e0 une cure d\u2019aust\u00e9rit\u00e9. Le dernier en date \u00e0 s\u2019exprimer sur cette question est le pr\u00e9sident de droite du conseil d\u00e9partemental des Ardennes (CD 08). Plut\u00f4t que de r\u00e9clamer une r\u00e9forme profonde de la politique \u00e0 l\u2019\u00e9gard des diff\u00e9rentes collectivit\u00e9s N. Bourgeois cherche \u00e0 r\u00e9aliser des \u00e9conomies. Il envisage de [&hellip;]<\/p>\n","protected":false},"author":4,"featured_media":0,"comment_status":"closed","ping_status":"open","sticky":false,"template":"","format":"standard","meta":{"saved_in_kubio":false,"footnotes":""},"categories":[1],"tags":[],"class_list":["post-3375","post","type-post","status-publish","format-standard","hentry","category-non-classe"],"_links":{"self":[{"href":"https:\/\/pcf08.com\/index.php\/wp-json\/wp\/v2\/posts\/3375","targetHints":{"allow":["GET"]}}],"collection":[{"href":"https:\/\/pcf08.com\/index.php\/wp-json\/wp\/v2\/posts"}],"about":[{"href":"https:\/\/pcf08.com\/index.php\/wp-json\/wp\/v2\/types\/post"}],"author":[{"embeddable":true,"href":"https:\/\/pcf08.com\/index.php\/wp-json\/wp\/v2\/users\/4"}],"replies":[{"embeddable":true,"href":"https:\/\/pcf08.com\/index.php\/wp-json\/wp\/v2\/comments?post=3375"}],"version-history":[{"count":1,"href":"https:\/\/pcf08.com\/index.php\/wp-json\/wp\/v2\/posts\/3375\/revisions"}],"predecessor-version":[{"id":3377,"href":"https:\/\/pcf08.com\/index.php\/wp-json\/wp\/v2\/posts\/3375\/revisions\/3377"}],"wp:attachment":[{"href":"https:\/\/pcf08.com\/index.php\/wp-json\/wp\/v2\/media?parent=3375"}],"wp:term":[{"taxonomy":"category","embeddable":true,"href":"https:\/\/pcf08.com\/index.php\/wp-json\/wp\/v2\/categories?post=3375"},{"taxonomy":"post_tag","embeddable":true,"href":"https:\/\/pcf08.com\/index.php\/wp-json\/wp\/v2\/tags?post=3375"}],"curies":[{"name":"wp","href":"https:\/\/api.w.org\/{rel}","templated":true}]}}