{"id":337,"date":"2020-06-23T10:25:08","date_gmt":"2020-06-23T08:25:08","guid":{"rendered":"http:\/\/pcf08.com\/?p=337"},"modified":"2020-06-23T10:49:20","modified_gmt":"2020-06-23T08:49:20","slug":"des-travailleurs-polonais-a-charleville-mezieres-psa-recule","status":"publish","type":"post","link":"https:\/\/pcf08.com\/index.php\/2020\/06\/23\/des-travailleurs-polonais-a-charleville-mezieres-psa-recule\/","title":{"rendered":"Des travailleurs polonais \u00e0 Charleville-M\u00e9zi\u00e8res,  PSA recule"},"content":{"rendered":"<p class=\"western\" align=\"justify\"><span style=\"color: #1c1e21;\"><img loading=\"lazy\" decoding=\"async\" class=\"alignleft wp-image-338 size-medium\" src=\"https:\/\/pcf08.com\/wp-content\/uploads\/2020\/06\/psa-300x140.png\" alt=\"\" width=\"300\" height=\"140\" \/>Comme toute la fili\u00e8re automobile, PSA rencontre des difficult\u00e9s \u00e9conomiques renforc\u00e9es depuis le d\u00e9but de la crise sanitaire. Mais le groupe automobile utilise la fa\u00e7on la plus contestable pour faire face \u00e0 la r\u00e9cession \u00e9conomique. A l\u2019occasion d\u2019un comit\u00e9 social \u00e9conomique (CSE) extraordinaire le 12 juin dernier, la direction de PSA avait mis \u00e0 l\u2019ordre du jour \u00ab\u00a0d\u00e9tachement de salari\u00e9s de Opel en Pologne sur le si<\/span><span style=\"color: #1c1e21;\">te de Charleville\u00a0\u00bb. Plusieurs entreprises du groupe, situ\u00e9es en France, \u00e9taient concern\u00e9es par cette d\u00e9cision. Plus de 500 ouvriers polonais \u00e9taient attendus dans le Nord (Sevelnord) et plusieurs dizaines sur le site des Ayvelles \u00e0 cot\u00e9 de Charleville-M\u00e9zi\u00e8res. Mais c\u2019\u00e9tait sans compter sur l\u2019intervention des organisations syndicales. Ainsi, la CGT a d\u00e9nonc\u00e9 la mise en concurrence des travailleurs. Cette mobilisation a impos\u00e9 une marche arri\u00e8re \u00e0 la direction de PSA qui a d\u00e9cid\u00e9 d\u2019annuler ce point lors de la r\u00e9union du CSE. S\u2019agit-il d\u2019une d\u00e9cision d\u00e9finitive ou celle-ci est-elle simplement report\u00e9e dans l\u2019attente de conditions plus favorables pour la direction de PSA.<br \/>\nLa vigilance s\u2019impose. La situation de l\u2019usine des Ayvelles conna\u00eet depuis plusieurs ann\u00e9es des reculs. Il ne reste plus que 1520 CDI alors qu\u2019il y a quelques ann\u00e9es les effectifs d\u00e9passaient les 2000. Par ailleurs il ne reste plus que 75 int\u00e9rimaires alors qu\u2019en 2019 ils \u00e9taient plus de 300. Apr\u00e8s le fiasco de l\u2019implantation d\u2019une usine CEVITAL, pourtant annonc\u00e9e par le pr\u00e9sident de la R\u00e9publique lui m\u00eame, PSA se sert de la p\u00e9riode actuelle tr\u00e8s troubl\u00e9e pour faire passer ses d\u00e9cisions les plus p\u00e9nalisantes pour l\u2019emploi et \u00e9conomiquement d\u00e9sastreuses pour nos territoires. Attentifs au maintien de l\u2019emploi sur notre territoire les \u00e9lus communistes se veulent porteurs de propositions pour un d\u00e9veloppement \u00e9conomique local.<\/span><\/p>\n","protected":false},"excerpt":{"rendered":"<p>Comme toute la fili\u00e8re automobile, PSA rencontre des difficult\u00e9s \u00e9conomiques renforc\u00e9es depuis le d\u00e9but de la crise sanitaire. Mais le groupe automobile utilise la fa\u00e7on la plus contestable pour faire face \u00e0 la r\u00e9cession \u00e9conomique. A l\u2019occasion d\u2019un comit\u00e9 social \u00e9conomique (CSE) extraordinaire le 12 juin dernier, la direction de PSA avait mis \u00e0 l\u2019ordre [&hellip;]<\/p>\n","protected":false},"author":2,"featured_media":0,"comment_status":"closed","ping_status":"open","sticky":false,"template":"","format":"standard","meta":{"saved_in_kubio":false,"footnotes":""},"categories":[1],"tags":[],"class_list":["post-337","post","type-post","status-publish","format-standard","hentry","category-non-classe"],"_links":{"self":[{"href":"https:\/\/pcf08.com\/index.php\/wp-json\/wp\/v2\/posts\/337","targetHints":{"allow":["GET"]}}],"collection":[{"href":"https:\/\/pcf08.com\/index.php\/wp-json\/wp\/v2\/posts"}],"about":[{"href":"https:\/\/pcf08.com\/index.php\/wp-json\/wp\/v2\/types\/post"}],"author":[{"embeddable":true,"href":"https:\/\/pcf08.com\/index.php\/wp-json\/wp\/v2\/users\/2"}],"replies":[{"embeddable":true,"href":"https:\/\/pcf08.com\/index.php\/wp-json\/wp\/v2\/comments?post=337"}],"version-history":[{"count":1,"href":"https:\/\/pcf08.com\/index.php\/wp-json\/wp\/v2\/posts\/337\/revisions"}],"predecessor-version":[{"id":339,"href":"https:\/\/pcf08.com\/index.php\/wp-json\/wp\/v2\/posts\/337\/revisions\/339"}],"wp:attachment":[{"href":"https:\/\/pcf08.com\/index.php\/wp-json\/wp\/v2\/media?parent=337"}],"wp:term":[{"taxonomy":"category","embeddable":true,"href":"https:\/\/pcf08.com\/index.php\/wp-json\/wp\/v2\/categories?post=337"},{"taxonomy":"post_tag","embeddable":true,"href":"https:\/\/pcf08.com\/index.php\/wp-json\/wp\/v2\/tags?post=337"}],"curies":[{"name":"wp","href":"https:\/\/api.w.org\/{rel}","templated":true}]}}