{"id":3369,"date":"2025-05-30T10:19:41","date_gmt":"2025-05-30T08:19:41","guid":{"rendered":"https:\/\/pcf08.com\/?p=3369"},"modified":"2025-05-30T10:19:41","modified_gmt":"2025-05-30T08:19:41","slug":"halte-au-genocide-a-gaza","status":"publish","type":"post","link":"https:\/\/pcf08.com\/index.php\/2025\/05\/30\/halte-au-genocide-a-gaza\/","title":{"rendered":"Halte au g\u00e9nocide \u00e0 Gaza"},"content":{"rendered":"<p><span style=\"font-family: Calibri, sans-serif;\"><img loading=\"lazy\" decoding=\"async\" class=\"size-medium wp-image-3370 alignleft\" src=\"https:\/\/pcf08.com\/wp-content\/uploads\/2025\/05\/GAZA-300x169.jpg\" alt=\"\" width=\"300\" height=\"169\" srcset=\"https:\/\/pcf08.com\/wp-content\/uploads\/2025\/05\/GAZA-300x169.jpg 300w, https:\/\/pcf08.com\/wp-content\/uploads\/2025\/05\/GAZA-1024x577.jpg 1024w, https:\/\/pcf08.com\/wp-content\/uploads\/2025\/05\/GAZA-768x433.jpg 768w, https:\/\/pcf08.com\/wp-content\/uploads\/2025\/05\/GAZA.jpg 1080w\" sizes=\"(max-width: 300px) 100vw, 300px\" \/>Que fait la France\u00a0?<\/span><\/p>\n<p align=\"justify\"><span style=\"font-family: Calibri, sans-serif;\">Ne d\u00e9tournons pas les yeux face \u00e0 l\u2019horreur que vit le peuple palestinien dans l\u2019indiff\u00e9rence de la communaut\u00e9 internationale !<\/span><\/p>\n<p align=\"justify\"><span style=\"font-family: Calibri, sans-serif;\">A Gaza, le peuple palestinien meurt sous les bombes de l\u2019arm\u00e9e isra\u00e9lienne. Plus de 50 000 morts d\u00e9j\u00e0. Des femmes, des hommes et plus de 15 000 enfants, victimes d&rsquo;un v\u00e9ritable nettoyage ethnique. Une famine d\u00e9lib\u00e9r\u00e9e, organis\u00e9e par le gouvernement de Benjamin Netanyahou, menace des centaines de milliers de Gazaouis.<\/span><\/p>\n<p align=\"justify\"><span style=\"font-family: Calibri, sans-serif;\">Le gouvernement d\u2019extr\u00eame droite de B. Netanyahou se rend coupable de crimes de guerre et de crime contre l\u2019humanit\u00e9.<\/span><\/p>\n<p align=\"justify\"><span style=\"font-family: Calibri, sans-serif;\">L&rsquo;Assembl\u00e9e g\u00e9n\u00e9rale de l&rsquo;ONU a d\u00e9cid\u00e9 de convoquer en juin \u00e0 New York une \u00ab conf\u00e9rence internationale de haut niveau pour la mise en \u0153uvre de la solution \u00e0 deux \u00c9tats \u00bb. La France et l\u2019Arabie saoudite ont \u00e9t\u00e9 charg\u00e9es de la pr\u00e9sider. <\/span><\/p>\n<p align=\"justify\"><span style=\"font-family: Calibri, sans-serif;\">La France doit prendre ses responsabilit\u00e9s. Le Parti Communiste Fran\u00e7ais exige que le gouvernement fran\u00e7ais reconnaisse d\u2019urgence l\u2019\u00c9tat de Palestine \u00e0 c\u00f4t\u00e9 de l\u2019\u00c9tat d\u2019Isra\u00ebl comme l\u2019ont d\u00e9j\u00e0 fait pr\u00e8s de 150 \u00e9tats dans le monde, proche de nous l\u2019Espagne, l\u2019Irlande. Il n\u2019y a pas de conditions \u00e0 mettre \u00e0 cette reconnaissance\u00a0!<\/span><\/p>\n<p align=\"justify\"><span style=\"font-family: Calibri, sans-serif;\">Il est possible de s\u2019appuyer sur les forces progressistes qui existent dans les deux peuples\u00a0: elles doivent cesser d\u2019\u00eatre \u00e9touff\u00e9es pour faire vivre le droit et la justice, les seuls remparts pour la paix et contre la haine.<\/span><\/p>\n<p align=\"justify\"><span style=\"font-family: Calibri, sans-serif;\">Enfin, il est insupportable que l\u2019accord d\u2019association entre l\u2019Europe et Isra\u00ebl ne soit pas encore suspendu.<\/span><\/p>\n<p align=\"right\"><span style=\"font-family: Calibri, sans-serif;\">Mich\u00e8le LEFLON<\/span><\/p>\n","protected":false},"excerpt":{"rendered":"<p>Que fait la France\u00a0? Ne d\u00e9tournons pas les yeux face \u00e0 l\u2019horreur que vit le peuple palestinien dans l\u2019indiff\u00e9rence de la communaut\u00e9 internationale ! A Gaza, le peuple palestinien meurt sous les bombes de l\u2019arm\u00e9e isra\u00e9lienne. Plus de 50 000 morts d\u00e9j\u00e0. Des femmes, des hommes et plus de 15 000 enfants, victimes d&rsquo;un v\u00e9ritable [&hellip;]<\/p>\n","protected":false},"author":4,"featured_media":0,"comment_status":"closed","ping_status":"open","sticky":false,"template":"","format":"standard","meta":{"saved_in_kubio":false,"footnotes":""},"categories":[1],"tags":[],"class_list":["post-3369","post","type-post","status-publish","format-standard","hentry","category-non-classe"],"_links":{"self":[{"href":"https:\/\/pcf08.com\/index.php\/wp-json\/wp\/v2\/posts\/3369","targetHints":{"allow":["GET"]}}],"collection":[{"href":"https:\/\/pcf08.com\/index.php\/wp-json\/wp\/v2\/posts"}],"about":[{"href":"https:\/\/pcf08.com\/index.php\/wp-json\/wp\/v2\/types\/post"}],"author":[{"embeddable":true,"href":"https:\/\/pcf08.com\/index.php\/wp-json\/wp\/v2\/users\/4"}],"replies":[{"embeddable":true,"href":"https:\/\/pcf08.com\/index.php\/wp-json\/wp\/v2\/comments?post=3369"}],"version-history":[{"count":1,"href":"https:\/\/pcf08.com\/index.php\/wp-json\/wp\/v2\/posts\/3369\/revisions"}],"predecessor-version":[{"id":3371,"href":"https:\/\/pcf08.com\/index.php\/wp-json\/wp\/v2\/posts\/3369\/revisions\/3371"}],"wp:attachment":[{"href":"https:\/\/pcf08.com\/index.php\/wp-json\/wp\/v2\/media?parent=3369"}],"wp:term":[{"taxonomy":"category","embeddable":true,"href":"https:\/\/pcf08.com\/index.php\/wp-json\/wp\/v2\/categories?post=3369"},{"taxonomy":"post_tag","embeddable":true,"href":"https:\/\/pcf08.com\/index.php\/wp-json\/wp\/v2\/tags?post=3369"}],"curies":[{"name":"wp","href":"https:\/\/api.w.org\/{rel}","templated":true}]}}