{"id":3366,"date":"2025-05-21T15:54:30","date_gmt":"2025-05-21T13:54:30","guid":{"rendered":"https:\/\/pcf08.com\/?p=3366"},"modified":"2025-05-21T15:54:30","modified_gmt":"2025-05-21T13:54:30","slug":"fete-de-lhumanite-4","status":"publish","type":"post","link":"https:\/\/pcf08.com\/index.php\/2025\/05\/21\/fete-de-lhumanite-4\/","title":{"rendered":"FETE DE L&rsquo;HUMANITE"},"content":{"rendered":"<p><img loading=\"lazy\" decoding=\"async\" class=\"size-medium wp-image-3282 alignleft\" src=\"https:\/\/pcf08.com\/wp-content\/uploads\/2025\/04\/fete-211x300.jpg\" alt=\"\" width=\"211\" height=\"300\" srcset=\"https:\/\/pcf08.com\/wp-content\/uploads\/2025\/04\/fete-211x300.jpg 211w, https:\/\/pcf08.com\/wp-content\/uploads\/2025\/04\/fete-721x1024.jpg 721w, https:\/\/pcf08.com\/wp-content\/uploads\/2025\/04\/fete-768x1091.jpg 768w, https:\/\/pcf08.com\/wp-content\/uploads\/2025\/04\/fete.jpg 845w\" sizes=\"(max-width: 211px) 100vw, 211px\" \/>Comme annonc\u00e9 pr\u00e9c\u00e9demment, la f\u00e9d\u00e9ration de notre parti organise comme l&rsquo;ann\u00e9e pass\u00e9e un car le samedi 13 septembre 2025 pour la f\u00eate de l&rsquo;Huma.<\/p>\n<p>Le prix de la vignette cette ann\u00e9e est fix\u00e9 \u00e0 45\u20ac, 5\u20ac de plus qu&rsquo;en 2024.<\/p>\n<p>Pour ce qui concerne le prix de la place pour le car, malgr\u00e9 une augmentation du transporteur, la f\u00e9d\u00e9ration conserve le m\u00eame tarif, 40\u20ac, afin de permettre au plus grand nombre possible de camarades et sympathisants de venir partager les bons moments de cette tr\u00e8s belle f\u00eate.<\/p>\n<p>Tous les d\u00e9tails d&rsquo;organisation vous seront\u00a0communiqu\u00e9s d\u00e8s votre inscription avec un rappel une semaine avant. Notez d\u00e9j\u00e0 que le d\u00e9part se fera de Charleville avec des ramassages entre Charleville-M\u00e9zi\u00e8res et Reims.<\/p>\n","protected":false},"excerpt":{"rendered":"<p>Comme annonc\u00e9 pr\u00e9c\u00e9demment, la f\u00e9d\u00e9ration de notre parti organise comme l&rsquo;ann\u00e9e pass\u00e9e un car le samedi 13 septembre 2025 pour la f\u00eate de l&rsquo;Huma. Le prix de la vignette cette ann\u00e9e est fix\u00e9 \u00e0 45\u20ac, 5\u20ac de plus qu&rsquo;en 2024. Pour ce qui concerne le prix de la place pour le car, malgr\u00e9 une augmentation [&hellip;]<\/p>\n","protected":false},"author":4,"featured_media":0,"comment_status":"closed","ping_status":"open","sticky":false,"template":"","format":"standard","meta":{"saved_in_kubio":false,"footnotes":""},"categories":[1],"tags":[],"class_list":["post-3366","post","type-post","status-publish","format-standard","hentry","category-non-classe"],"_links":{"self":[{"href":"https:\/\/pcf08.com\/index.php\/wp-json\/wp\/v2\/posts\/3366","targetHints":{"allow":["GET"]}}],"collection":[{"href":"https:\/\/pcf08.com\/index.php\/wp-json\/wp\/v2\/posts"}],"about":[{"href":"https:\/\/pcf08.com\/index.php\/wp-json\/wp\/v2\/types\/post"}],"author":[{"embeddable":true,"href":"https:\/\/pcf08.com\/index.php\/wp-json\/wp\/v2\/users\/4"}],"replies":[{"embeddable":true,"href":"https:\/\/pcf08.com\/index.php\/wp-json\/wp\/v2\/comments?post=3366"}],"version-history":[{"count":1,"href":"https:\/\/pcf08.com\/index.php\/wp-json\/wp\/v2\/posts\/3366\/revisions"}],"predecessor-version":[{"id":3367,"href":"https:\/\/pcf08.com\/index.php\/wp-json\/wp\/v2\/posts\/3366\/revisions\/3367"}],"wp:attachment":[{"href":"https:\/\/pcf08.com\/index.php\/wp-json\/wp\/v2\/media?parent=3366"}],"wp:term":[{"taxonomy":"category","embeddable":true,"href":"https:\/\/pcf08.com\/index.php\/wp-json\/wp\/v2\/categories?post=3366"},{"taxonomy":"post_tag","embeddable":true,"href":"https:\/\/pcf08.com\/index.php\/wp-json\/wp\/v2\/tags?post=3366"}],"curies":[{"name":"wp","href":"https:\/\/api.w.org\/{rel}","templated":true}]}}