{"id":3351,"date":"2025-05-15T10:18:17","date_gmt":"2025-05-15T08:18:17","guid":{"rendered":"https:\/\/pcf08.com\/?p=3351"},"modified":"2025-05-15T10:18:17","modified_gmt":"2025-05-15T08:18:17","slug":"esclavage-la-lourde-dette-de-la-france-a-haiti","status":"publish","type":"post","link":"https:\/\/pcf08.com\/index.php\/2025\/05\/15\/esclavage-la-lourde-dette-de-la-france-a-haiti\/","title":{"rendered":"Esclavage\u00a0: la lourde dette de la France \u00e0 Ha\u00efti"},"content":{"rendered":"<p align=\"justify\"><span style=\"font-family: Calibri, sans-serif;\"><img loading=\"lazy\" decoding=\"async\" class=\"size-medium wp-image-3352 alignleft\" src=\"https:\/\/pcf08.com\/wp-content\/uploads\/2025\/05\/haiti-300x225.jpg\" alt=\"\" width=\"300\" height=\"225\" srcset=\"https:\/\/pcf08.com\/wp-content\/uploads\/2025\/05\/haiti-300x225.jpg 300w, https:\/\/pcf08.com\/wp-content\/uploads\/2025\/05\/haiti-768x576.jpg 768w, https:\/\/pcf08.com\/wp-content\/uploads\/2025\/05\/haiti.jpg 816w\" sizes=\"(max-width: 300px) 100vw, 300px\" \/>Ce 10 mai, lors de la c\u00e9r\u00e9monie officielle de Comm\u00e9moration des M\u00e9moires de l&rsquo;Esclavage, Christine Depuiset, secr\u00e9taire de la section des Ardennes de la Ligue des Droits de l\u2019Homme, a rappel\u00e9 l\u2019insupportable sanction \u00e9conomique <\/span><span style=\"font-family: Calibri, sans-serif;\">appliqu\u00e9e par la France \u00e0 Ha\u00efti en \u00e9change de son ind\u00e9pendance. <\/span><\/p>\n<p align=\"justify\"><span style=\"font-family: Calibri, sans-serif;\"><span style=\"font-size: medium;\">Apr\u00e8s l\u2019abolition de l\u2019esclavage lors de la r\u00e9volution fran\u00e7aise, son r\u00e9tablissement par Napol\u00e9on I<sup>er<\/sup> entra\u00eene des r\u00e9voltes et Ha\u00efti sera le premier pays \u00e0 d\u00e9clarer son ind\u00e9pendance \u00e0 la suite d\u2019une r\u00e9volte d\u2019esclaves en 1805. Il faudra 20 ans pour que cette ind\u00e9pendance soit reconnue par la France, en \u00e9change d\u2019une ran\u00e7on faramineuse pour indemniser les anciens colons esclavagistes. Ce n\u2019est qu\u2019en 1952 que les agios de la dette contract\u00e9e par Ha\u00efti seront rembours\u00e9s. Ce pacte n\u00e9ocolonial a lourdement entrav\u00e9 le d\u00e9veloppement du pays. Deux cents ans plus tard, le Pr\u00e9sident de la R\u00e9publique fran\u00e7aise a reconnu, le 17 avril, une \u00ab forme d\u2019injustice initiale (\u2026) qui a frapp\u00e9 Ha\u00efti d\u00e8s sa naissance \u00bb. Un premier pas comme l\u2019a soulign\u00e9 Christine Depuiset, mais qui en appelle d\u2019autres. En fait de dette, c\u2019est la France qui a une dette vis \u00e0 vis de Ha\u00efti. En 2015, Fran\u00e7ois Hollande l\u2019avait \u00e9voqu\u00e9 et promis : \u00ab J\u2019acquitterai \u00e0 mon tour la dette que nous avons. \u00bb Mais, d\u00e8s le lendemain, l\u2019\u00c9lys\u00e9e avait rectifi\u00e9 : Hollande parlait d\u2019une \u00ab dette morale \u00bb.<\/span><\/span><\/p>\n","protected":false},"excerpt":{"rendered":"<p>Ce 10 mai, lors de la c\u00e9r\u00e9monie officielle de Comm\u00e9moration des M\u00e9moires de l&rsquo;Esclavage, Christine Depuiset, secr\u00e9taire de la section des Ardennes de la Ligue des Droits de l\u2019Homme, a rappel\u00e9 l\u2019insupportable sanction \u00e9conomique appliqu\u00e9e par la France \u00e0 Ha\u00efti en \u00e9change de son ind\u00e9pendance. Apr\u00e8s l\u2019abolition de l\u2019esclavage lors de la r\u00e9volution fran\u00e7aise, son [&hellip;]<\/p>\n","protected":false},"author":4,"featured_media":0,"comment_status":"closed","ping_status":"open","sticky":false,"template":"","format":"standard","meta":{"saved_in_kubio":false,"footnotes":""},"categories":[1],"tags":[],"class_list":["post-3351","post","type-post","status-publish","format-standard","hentry","category-non-classe"],"_links":{"self":[{"href":"https:\/\/pcf08.com\/index.php\/wp-json\/wp\/v2\/posts\/3351","targetHints":{"allow":["GET"]}}],"collection":[{"href":"https:\/\/pcf08.com\/index.php\/wp-json\/wp\/v2\/posts"}],"about":[{"href":"https:\/\/pcf08.com\/index.php\/wp-json\/wp\/v2\/types\/post"}],"author":[{"embeddable":true,"href":"https:\/\/pcf08.com\/index.php\/wp-json\/wp\/v2\/users\/4"}],"replies":[{"embeddable":true,"href":"https:\/\/pcf08.com\/index.php\/wp-json\/wp\/v2\/comments?post=3351"}],"version-history":[{"count":1,"href":"https:\/\/pcf08.com\/index.php\/wp-json\/wp\/v2\/posts\/3351\/revisions"}],"predecessor-version":[{"id":3353,"href":"https:\/\/pcf08.com\/index.php\/wp-json\/wp\/v2\/posts\/3351\/revisions\/3353"}],"wp:attachment":[{"href":"https:\/\/pcf08.com\/index.php\/wp-json\/wp\/v2\/media?parent=3351"}],"wp:term":[{"taxonomy":"category","embeddable":true,"href":"https:\/\/pcf08.com\/index.php\/wp-json\/wp\/v2\/categories?post=3351"},{"taxonomy":"post_tag","embeddable":true,"href":"https:\/\/pcf08.com\/index.php\/wp-json\/wp\/v2\/tags?post=3351"}],"curies":[{"name":"wp","href":"https:\/\/api.w.org\/{rel}","templated":true}]}}